{"id":21007,"date":"2015-01-17T23:59:39","date_gmt":"2015-01-17T21:59:39","guid":{"rendered":"http:\/\/www.sana.sy\/tr\/?p=21007"},"modified":"2015-01-18T15:38:47","modified_gmt":"2015-01-18T13:38:47","slug":"21007","status":"publish","type":"post","link":"https:\/\/archive.sana.sy\/tr\/?p=21007","title":{"rendered":"\u00c7ok Uluslu Ter\u00f6r \u00c7etelerinin A\u011f\u0131r Kay\u0131plar\u0131 S\u00fcr\u00fcyor"},"content":{"rendered":"<p>\u0130LLER \u2013 Vatan koruyucular\u0131 ordu birliklerimiz yurdun muhtelif b\u00f6lgelerinde d\u0131\u015f g\u00fc\u00e7lerin ve devletlerin patronajl\u0131\u011f\u0131ndaki \u00e7ok uluslu ter\u00f6r \u00e7etelerine amans\u0131z operasyonlar\u0131n\u0131 s\u00fcrd\u00fcr\u00fcyor.<\/p>\n<p><span style=\"color: #0000ff\">Dera K\u0131rsal\u0131nda \u00c7ok Say\u0131da Tekfirci \u00d6ld\u00fcr\u00fcld\u00fc<\/span><\/p>\n<p>Dera k\u0131rsal\u0131n\u0131n muhtelif b\u00f6lgelerinde d\u00fc\u015fman \u0130srail&#8217;den her t\u00fcrl\u00fc deste\u011fi alan tekfirci ve vatan haini ter\u00f6r \u00e7etelere y\u00f6nelik operasyonlar\u0131n\u0131 s\u00fcrd\u00fcren ordu birliklerimiz bir\u00e7o\u011fu yabanc\u0131 olan onlarca ter\u00f6risti etkisizle\u015ftirdi.<\/p>\n<p>Askeri kaynak ordu birliklerimizin Dera k\u0131rsal\u0131 Busra el \u015eam, Deyr Ades, \u015eeyh Miskin, Enhil ve Etman b\u00f6lgelerinde ter\u00f6r \u00e7etelerin karargah, cephanelik ve ara\u00e7lar\u0131n\u0131 muhtevalar\u0131yla imha ettiklerini belirtti.<\/p>\n<p>\u00f6z konusu b\u00f6lgelerde ter\u00f6r \u00e7eteleri ile ordu birliklerimiz aras\u0131nda s\u0131cak temas\u0131n ya\u015fand\u0131\u011f\u0131n\u0131 da aktaran kaynak, \u00e7at\u0131\u015fmalarda da \u00e7ok say\u0131da ter\u00f6ristin \u00f6l\u00fc yaral\u0131 d\u00fc\u015f\u00fcr\u00fcld\u00fc\u011f\u00fcn\u00fc s\u00f6zlerine ekledi.<\/p>\n<p><span style=\"color: #0000ff\">Kunaytra K\u0131rsal\u0131nda Ara\u00e7lar\u0131yla \u0130mha Edildiler<\/span><\/p>\n<p>Saha kaynaklar\u0131 ordu birliklerimizin Kunaytra k\u0131rsal\u0131n\u0131n Mumtanna, Meshara, tel Meshara ve Tel el Bezzak b\u00f6lgelerinde geneli Nusra Cephesinden olan \u0130srail destekli ter\u00f6r \u00e7eteleri say\u0131 ve ara\u00e7lar\u0131yla b\u00fcy\u00fck kay\u0131plara u\u011fratt\u0131klar\u0131n\u0131 aktard\u0131. Kaynaklar operasyonlarda bir\u00e7o\u011fu yabanc\u0131 olan \u00e7ok say\u0131da ter\u00f6ristin bir k\u0131sm\u0131 a\u011f\u0131r makineli silahlarla donat\u0131lm\u0131\u015f bir\u00e7ok ara\u00e7lar\u0131yla birlikte etkisizle\u015ftirildiklerini s\u00f6yledi.<\/p>\n<p><span style=\"color: #0000ff\">Homs K\u0131rsal\u0131nda Nusra Karargahlar\u0131 \u0130mha Edildi<\/span><\/p>\n<p>Askeri kaynak ordu birliklerimizin Homs k\u0131rsal\u0131n\u0131n Hasye B\u00f6lgesinin Mdavvar K\u00f6y\u00fc do\u011fusunda Nusra Cephesinin karargah ve k\u00fcmelenme yerlerini muhtevalar\u0131yla imha ettiklerini aktard\u0131.<\/p>\n<p>Ordu birliklerimizin ayn\u0131 zamanda yine Homs k\u0131rsal\u0131n\u0131n Recm el Kasr ve Amiriye b\u00f6lgelerinde tekfirci ve hain ter\u00f6r \u00e7etelerin mevkilerini hedef ald\u0131klar\u0131n\u0131 aktaran kaynak, operasyonlarda bir\u00e7ok ter\u00f6ristin su\u00e7 edatlar\u0131 ve ara\u00e7lar\u0131yla birlikte etkisizle\u015ftirildi\u011fini belirtti.<\/p>\n<p><span style=\"color: #0000ff\">\u0130dlib K\u0131rsal\u0131nda Ter\u00f6re Kar\u015f\u0131 Operasyonlarda Ba\u015far\u0131 S\u00fcr\u00fcyor<\/span><\/p>\n<p>Kahraman birliklerimizin \u0130dlib K\u0131rsal\u0131nda\u00a0T\u00fcrkiye&#8217;deki Recep Tayyip Erdo\u011fan rejmi ile direk koordinasyonu ile \u00e7al\u0131\u015fan silahl\u0131 ter\u00f6r gruplar\u0131na kar\u015f\u0131 s\u00fcrd\u00fcrd\u00fc\u011f\u00fc operasyonlar kapsam\u0131nda yeni ba\u015far\u0131lara imza att\u0131.<br \/>\nAskeri bir kaynak kahraman birliklerimizin tekfirci ter\u00f6r gruplar\u0131na ait bir\u00e7ok toplanma merkezini ve ter\u00f6r yuvas\u0131n\u0131 yok ederek ter\u00f6ristlere b\u00fcy\u00fck kay\u0131plar verdirdiklerini ifade etti.<\/p>\n<p>\u0130dlib Merkezine 50 km mesafede bulunan Tel Selmo ve T\u00fcrkiye ile s\u0131n\u0131r b\u00f6lgesinde yer alan Sehl el Ravc b\u00f6lgelerinde d\u00fczenlenen operasyonlarda bir\u00e7ok ter\u00f6r yuvas\u0131 ve toplanma merkezinin yerle bir edildi\u011fine de\u011finen kaynak; ayr\u0131ca operasyonlarda onlarca ter\u00f6ristin \u00f6l\u00fc ve yaral\u0131 d\u00fc\u015f\u00fcr\u00fcld\u00fc\u011f\u00fcn\u00fc belirtti.<\/p>\n<p>\u0130dlib Kentinin g\u00fcney y\u00f6n\u00fcnde 47 km mesafede yer alan el Sermeniye k\u00f6y\u00fcnde d\u00fczenlenen operasyonlarda ter\u00f6ristlere lojistik ve be\u015feri kay\u0131plar verdirildi\u011fine de\u011finen kaynak; ayr\u0131ca Ben\u015f, Arminas ve Kefer Taharim b\u00f6lgelerinde d\u00fczenlenen operasyonlarda da b\u00fcy\u00fck ba\u015far\u0131lar sa\u011fland\u0131\u011f\u0131n\u0131 ekledi.<\/p>\n","protected":false},"excerpt":{"rendered":"<p>\u0130LLER \u2013 Vatan koruyucular\u0131 ordu birliklerimiz yurdun muhtelif b\u00f6lgelerinde d\u0131\u015f g\u00fc\u00e7lerin ve devletlerin patronajl\u0131\u011f\u0131ndaki \u00e7ok uluslu ter\u00f6r \u00e7etelerine amans\u0131z operasyonlar\u0131n\u0131 s\u00fcrd\u00fcr\u00fcyor. Dera K\u0131rsal\u0131nda \u00c7ok Say\u0131da Tekfirci \u00d6ld\u00fcr\u00fcld\u00fc Dera k\u0131rsal\u0131n\u0131n muhtelif b\u00f6lgelerinde d\u00fc\u015fman \u0130srail&#8217;den her t\u00fcrl\u00fc deste\u011fi alan tekfirci ve vatan haini ter\u00f6r \u00e7etelere y\u00f6nelik operasyonlar\u0131n\u0131 s\u00fcrd\u00fcren ordu birliklerimiz bir\u00e7o\u011fu yabanc\u0131 olan onlarca ter\u00f6risti etkisizle\u015ftirdi. Askeri &hellip;<\/p>\n","protected":false},"author":1,"featured_media":21008,"comment_status":"closed","ping_status":"closed","sticky":false,"template":"","format":"standard","meta":{"footnotes":""},"categories":[575],"tags":[10162,10161,10159,6780,10160,3592,10164,8698,10163],"class_list":["post-21007","post","type-post","status-publish","format-standard","has-post-thumbnail","","category-olaylar-ve-gercekler","tag-catismalarda-da-cok-sayida-teroristin-olu-yarali-dusuruldugunu-sozlerine-ekledi-kunaytra-kirsalinda-araclariyla-imha-edildiler-saha-kaynaklari-ordu-birliklerimizin-kunaytra-kirsalinin-mumtanna","tag-cephanelik-ve-araclarini-muhtevalariyla-imha-ettiklerini-belirtti-soz-konusu-bolgelerde-teror-ceteleri-ile-ordu-birliklerimiz-arasinda-sicak-temasin-yasandigini-da-aktaran-kaynak","tag-cok-uluslu-teror-cetelerinin-agir-kayiplari-suruyor-iller-vatan-koruyuculari-ordu-birliklerimiz-yurdun-muhtelif-bolgelerinde-dis-guclerin-ve-devletlerin-patronajligindaki-cok-uluslu-teror-ce","tag-deyr-ades","tag-enhil-ve-etman-bolgelerinde-teror-cetelerin-karargah","tag-meshara","tag-operasyonlarda-bircok-teroristin-suc-edatlari-ve-araclariyla-birlikte-etkisizlestirildigini-belirtti","tag-seyh-miskin","tag-tel-meshara-ve-tel-el-bezzak-bolgelerinde-geneli-nusra-cephesinden-olan-israil-destekli-teror-ceteleri-sayi-ve-araclariyla-buyuk-kayiplara-ugrattiklarini-aktardi-kaynaklar-operasyonlarda-bircogu-yaba"],"_links":{"self":[{"href":"https:\/\/archive.sana.sy\/tr\/index.php?rest_route=\/wp\/v2\/posts\/21007","targetHints":{"allow":["GET"]}}],"collection":[{"href":"https:\/\/archive.sana.sy\/tr\/index.php?rest_route=\/wp\/v2\/posts"}],"about":[{"href":"https:\/\/archive.sana.sy\/tr\/index.php?rest_route=\/wp\/v2\/types\/post"}],"author":[{"embeddable":true,"href":"https:\/\/archive.sana.sy\/tr\/index.php?rest_route=\/wp\/v2\/users\/1"}],"replies":[{"embeddable":true,"href":"https:\/\/archive.sana.sy\/tr\/index.php?rest_route=%2Fwp%2Fv2%2Fcomments&post=21007"}],"version-history":[{"count":0,"href":"https:\/\/archive.sana.sy\/tr\/index.php?rest_route=\/wp\/v2\/posts\/21007\/revisions"}],"wp:featuredmedia":[{"embeddable":true,"href":"https:\/\/archive.sana.sy\/tr\/index.php?rest_route=\/wp\/v2\/media\/21008"}],"wp:attachment":[{"href":"https:\/\/archive.sana.sy\/tr\/index.php?rest_route=%2Fwp%2Fv2%2Fmedia&parent=21007"}],"wp:term":[{"taxonomy":"category","embeddable":true,"href":"https:\/\/archive.sana.sy\/tr\/index.php?rest_route=%2Fwp%2Fv2%2Fcategories&post=21007"},{"taxonomy":"post_tag","embeddable":true,"href":"https:\/\/archive.sana.sy\/tr\/index.php?rest_route=%2Fwp%2Fv2%2Ftags&post=21007"}],"curies":[{"name":"wp","href":"https:\/\/api.w.org\/{rel}","templated":true}]}}