{"id":210075,"date":"2020-05-28T19:56:39","date_gmt":"2020-05-28T16:56:39","guid":{"rendered":"http:\/\/www.sana.sy\/tr\/?p=210075"},"modified":"2020-05-29T08:13:09","modified_gmt":"2020-05-29T05:13:09","slug":"haseke-kirsalinda-bicimi-yapilan-bugday-tarlalarinda-cikan-yanginin-sondurulmesi-esnasinda-bir-sivil-olud-biri-de-yaralandi","status":"publish","type":"post","link":"https:\/\/archive.sana.sy\/tr\/?p=210075","title":{"rendered":"Haseke K\u0131rsal\u0131nda Bi\u00e7imi Yap\u0131lan Bu\u011fday Tarlalar\u0131nda \u00c7\u0131kan Yang\u0131n\u0131n S\u00f6nd\u00fcr\u00fclmesi Esnas\u0131nda Bir Sivil \u00d6l\u00fcd Biri De Yaraland\u0131"},"content":{"rendered":"<p style=\"text-align: justify;\">HASEKE \u2013 \u0130lin kuzeyindeki Abu Raseyn b\u00f6lgesinde bi\u00e7imi yap\u0131lan bu\u011fday arazilerinde \u00e7\u0131kan yang\u0131n\u0131 s\u00f6nd\u00fcrmeye \u00e7al\u0131\u015fan ahaliler aras\u0131ndan bir ki\u015fi hayat\u0131n\u0131 kaybederken bir di\u011feri de yaraland\u0131. Ahaliler yang\u0131n\u0131 b\u00f6lgede yay\u0131lan DSG gruplar\u0131n\u0131n \u00e7\u0131kard\u0131\u011f\u0131n\u0131 ifade ediyor.<\/p>\n<p style=\"text-align: justify;\">Yerel kaynaklar, Abu Raseyn b\u00f6lgesinde bu\u011fday ve arpa tarlalar\u0131nda \u00e7\u0131kan yang\u0131nlar\u0131 s\u00f6nd\u00fcrmeye \u00e7al\u0131\u015fmalar\u0131 esnas\u0131nda ahaliden birinin ya\u015fam\u0131n\u0131 yitirdi\u011fini bir di\u011ferinin de a\u011f\u0131r yaraland\u0131\u011f\u0131n\u0131 ifade etttiler.<\/p>\n<p style=\"text-align: justify;\">Kaynaklar, ahalinin basit ara\u00e7larla yang\u0131n\u0131n bi\u00e7ili olmayan bu\u011fday tarlalar\u0131na s\u0131\u00e7ramas\u0131n\u0131 \u00f6nlemek amac\u0131yla yang\u0131n\u0131n \u00f6n\u00fcn\u00fc kesmeyi ba\u015fard\u0131klar\u0131na dikkkat \u00e7ekti.<\/p>\n","protected":false},"excerpt":{"rendered":"<p>HASEKE \u2013 \u0130lin kuzeyindeki Abu Raseyn b\u00f6lgesinde bi\u00e7imi yap\u0131lan bu\u011fday arazilerinde \u00e7\u0131kan yang\u0131n\u0131 s\u00f6nd\u00fcrmeye \u00e7al\u0131\u015fan ahaliler aras\u0131ndan bir ki\u015fi hayat\u0131n\u0131 kaybederken bir di\u011feri de yaraland\u0131. Ahaliler yang\u0131n\u0131 b\u00f6lgede yay\u0131lan DSG gruplar\u0131n\u0131n \u00e7\u0131kard\u0131\u011f\u0131n\u0131 ifade ediyor. Yerel kaynaklar, Abu Raseyn b\u00f6lgesinde bu\u011fday ve arpa tarlalar\u0131nda \u00e7\u0131kan yang\u0131nlar\u0131 s\u00f6nd\u00fcrmeye \u00e7al\u0131\u015fmalar\u0131 esnas\u0131nda ahaliden birinin ya\u015fam\u0131n\u0131 yitirdi\u011fini bir di\u011ferinin de &hellip;<\/p>\n","protected":false},"author":1,"featured_media":210076,"comment_status":"closed","ping_status":"closed","sticky":false,"template":"","format":"standard","meta":{"footnotes":""},"categories":[479,575,17988,478],"tags":[],"class_list":["post-210075","post","type-post","status-publish","format-standard","has-post-thumbnail","","category-haberler-yerel","category-olaylar-ve-gercekler","category-son-haberler","category-yerel"],"_links":{"self":[{"href":"https:\/\/archive.sana.sy\/tr\/index.php?rest_route=\/wp\/v2\/posts\/210075","targetHints":{"allow":["GET"]}}],"collection":[{"href":"https:\/\/archive.sana.sy\/tr\/index.php?rest_route=\/wp\/v2\/posts"}],"about":[{"href":"https:\/\/archive.sana.sy\/tr\/index.php?rest_route=\/wp\/v2\/types\/post"}],"author":[{"embeddable":true,"href":"https:\/\/archive.sana.sy\/tr\/index.php?rest_route=\/wp\/v2\/users\/1"}],"replies":[{"embeddable":true,"href":"https:\/\/archive.sana.sy\/tr\/index.php?rest_route=%2Fwp%2Fv2%2Fcomments&post=210075"}],"version-history":[{"count":0,"href":"https:\/\/archive.sana.sy\/tr\/index.php?rest_route=\/wp\/v2\/posts\/210075\/revisions"}],"wp:featuredmedia":[{"embeddable":true,"href":"https:\/\/archive.sana.sy\/tr\/index.php?rest_route=\/wp\/v2\/media\/210076"}],"wp:attachment":[{"href":"https:\/\/archive.sana.sy\/tr\/index.php?rest_route=%2Fwp%2Fv2%2Fmedia&parent=210075"}],"wp:term":[{"taxonomy":"category","embeddable":true,"href":"https:\/\/archive.sana.sy\/tr\/index.php?rest_route=%2Fwp%2Fv2%2Fcategories&post=210075"},{"taxonomy":"post_tag","embeddable":true,"href":"https:\/\/archive.sana.sy\/tr\/index.php?rest_route=%2Fwp%2Fv2%2Ftags&post=210075"}],"curies":[{"name":"wp","href":"https:\/\/api.w.org\/{rel}","templated":true}]}}