{"id":210081,"date":"2020-05-28T20:37:23","date_gmt":"2020-05-28T17:37:23","guid":{"rendered":"http:\/\/www.sana.sy\/tr\/?p=210081"},"modified":"2020-05-30T08:31:32","modified_gmt":"2020-05-30T05:31:32","slug":"sb-kuveytten-gelen-bir-sahista-yeni-koronavirus-vakasi-daha-tescil-edildi","status":"publish","type":"post","link":"https:\/\/archive.sana.sy\/tr\/?p=210081","title":{"rendered":"SB: K\u00fcveyt&#8217;ten Gelen Bir \u015eah\u0131sta Yeni Koronavir\u00fcs Vakas\u0131 Daha Tescil Edildi"},"content":{"rendered":"<p style=\"text-align: justify;\">\u015eAM \u2013 K\u00fcveyt&#8217;ten gelen bir \u015fah\u0131sta bug\u00fcn yeni bir koronavir\u00fcs vakas\u0131 daha tescil edildi. B\u00f6ylece Suriye&#8217;de tescil edilen vaka say\u0131s\u0131 122&#8217;ye y\u00fckselmi\u015f oldu.<\/p>\n<p style=\"text-align: justify;\">Bakanl\u0131k yay\u0131nlad\u0131\u011f\u0131 ve SANA&#8217;n\u0131n da bir n\u00fcshas\u0131n\u0131 ald\u0131\u011f\u0131 beyanda, \u00fclkede tescil edilen toplam vaka say\u0131s\u0131n\u0131n bug\u00fcne kadar 122&#8217;ye y\u00fckseldi\u011fini, bunlardan 43&#8217;\u00fcn\u00fcn iyile\u015fti\u011fini 4&#8217;\u00fcn\u00fcn de vefat etti\u011fini a\u00e7\u0131klad\u0131.<\/p>\n<p style=\"text-align: justify;\">Sa\u011fl\u0131k bakanl\u0131\u011f\u0131 istatistiklerine g\u00f6re, bu ay\u0131n ba\u015f\u0131ndan bu yana yerel hi\u00e7 bir vaka kaydedilmezken, ilk vaka 22 Mart&#8217;ta yurt d\u0131\u015f\u0131ndan gelen bir\u00a0 \u015fah\u0131s \u00fczerinde tescil edilirken ilk vefat vakas\u0131 da ayn\u0131 ay\u0131n 29&#8217;unda kaydedildi.<\/p>\n","protected":false},"excerpt":{"rendered":"<p>\u015eAM \u2013 K\u00fcveyt&#8217;ten gelen bir \u015fah\u0131sta bug\u00fcn yeni bir koronavir\u00fcs vakas\u0131 daha tescil edildi. B\u00f6ylece Suriye&#8217;de tescil edilen vaka say\u0131s\u0131 122&#8217;ye y\u00fckselmi\u015f oldu. Bakanl\u0131k yay\u0131nlad\u0131\u011f\u0131 ve SANA&#8217;n\u0131n da bir n\u00fcshas\u0131n\u0131 ald\u0131\u011f\u0131 beyanda, \u00fclkede tescil edilen toplam vaka say\u0131s\u0131n\u0131n bug\u00fcne kadar 122&#8217;ye y\u00fckseldi\u011fini, bunlardan 43&#8217;\u00fcn\u00fcn iyile\u015fti\u011fini 4&#8217;\u00fcn\u00fcn de vefat etti\u011fini a\u00e7\u0131klad\u0131. Sa\u011fl\u0131k bakanl\u0131\u011f\u0131 istatistiklerine g\u00f6re, bu &hellip;<\/p>\n","protected":false},"author":1,"featured_media":210089,"comment_status":"closed","ping_status":"closed","sticky":false,"template":"","format":"standard","meta":{"footnotes":""},"categories":[479,17988,478],"tags":[],"class_list":["post-210081","post","type-post","status-publish","format-standard","has-post-thumbnail","","category-haberler-yerel","category-son-haberler","category-yerel"],"_links":{"self":[{"href":"https:\/\/archive.sana.sy\/tr\/index.php?rest_route=\/wp\/v2\/posts\/210081","targetHints":{"allow":["GET"]}}],"collection":[{"href":"https:\/\/archive.sana.sy\/tr\/index.php?rest_route=\/wp\/v2\/posts"}],"about":[{"href":"https:\/\/archive.sana.sy\/tr\/index.php?rest_route=\/wp\/v2\/types\/post"}],"author":[{"embeddable":true,"href":"https:\/\/archive.sana.sy\/tr\/index.php?rest_route=\/wp\/v2\/users\/1"}],"replies":[{"embeddable":true,"href":"https:\/\/archive.sana.sy\/tr\/index.php?rest_route=%2Fwp%2Fv2%2Fcomments&post=210081"}],"version-history":[{"count":0,"href":"https:\/\/archive.sana.sy\/tr\/index.php?rest_route=\/wp\/v2\/posts\/210081\/revisions"}],"wp:featuredmedia":[{"embeddable":true,"href":"https:\/\/archive.sana.sy\/tr\/index.php?rest_route=\/wp\/v2\/media\/210089"}],"wp:attachment":[{"href":"https:\/\/archive.sana.sy\/tr\/index.php?rest_route=%2Fwp%2Fv2%2Fmedia&parent=210081"}],"wp:term":[{"taxonomy":"category","embeddable":true,"href":"https:\/\/archive.sana.sy\/tr\/index.php?rest_route=%2Fwp%2Fv2%2Fcategories&post=210081"},{"taxonomy":"post_tag","embeddable":true,"href":"https:\/\/archive.sana.sy\/tr\/index.php?rest_route=%2Fwp%2Fv2%2Ftags&post=210081"}],"curies":[{"name":"wp","href":"https:\/\/api.w.org\/{rel}","templated":true}]}}