{"id":210084,"date":"2020-05-28T20:39:44","date_gmt":"2020-05-28T17:39:44","guid":{"rendered":"http:\/\/www.sana.sy\/tr\/?p=210084"},"modified":"2020-05-30T08:31:40","modified_gmt":"2020-05-30T05:31:40","slug":"cumhurbaskani-esaddan-universite-ogrencilerini-ilgilendiren-yeni-kararname-cikardi","status":"publish","type":"post","link":"https:\/\/archive.sana.sy\/tr\/?p=210084","title":{"rendered":"Cumhurba\u015fkan\u0131 Esad&#8217;dan \u00dcniversite \u00d6\u011frencilerini \u0130lgilendiren Yeni Kararname \u00c7\u0131kard\u0131"},"content":{"rendered":"<p style=\"text-align: justify;\">\u015eAM \u2013 Cumhurba\u015fkan\u0131 Be\u015f\u015far Esad bug\u00fcn\u00a0 \u00dcniversite \u00f6\u011frencilerini ilgilnediren 2020 y\u0131l\u0131 125 say\u0131l\u0131 kararname \u00e7\u0131kard\u0131.<\/p>\n<p style=\"text-align: justify;\">Kararnameye g\u00f6re 2006 y\u0131l\u0131 250 say\u0131l\u0131 yasayla belirlenen kay\u0131t f\u0131rsat\u0131n\u0131 ka\u00e7\u0131ranlara fak\u00fclte ve \u00fcniversitelerinde ikinci kez kay\u0131t yapma, Yeterlilik, Uzmanl\u0131k ve Y\u00fcksek Lisans derecesindeki \u00f6\u011frencilerine \u00fcniversite d\u0131\u015f\u0131ndan s\u0131nav verme f\u0131rsat\u0131n\u0131 ka\u00e7\u0131ranlara istisnai bir y\u0131l verirken 1-3-2019 tarihinden \u00f6nce tez a\u015famas\u0131nda kay\u0131t yapan Y\u00fcksek Lisans ve Doktora derecesindeki \u00f6\u011frencilere ek bir Miladi y\u0131l<\/p>\n","protected":false},"excerpt":{"rendered":"<p>\u015eAM \u2013 Cumhurba\u015fkan\u0131 Be\u015f\u015far Esad bug\u00fcn\u00a0 \u00dcniversite \u00f6\u011frencilerini ilgilnediren 2020 y\u0131l\u0131 125 say\u0131l\u0131 kararname \u00e7\u0131kard\u0131. Kararnameye g\u00f6re 2006 y\u0131l\u0131 250 say\u0131l\u0131 yasayla belirlenen kay\u0131t f\u0131rsat\u0131n\u0131 ka\u00e7\u0131ranlara fak\u00fclte ve \u00fcniversitelerinde ikinci kez kay\u0131t yapma, Yeterlilik, Uzmanl\u0131k ve Y\u00fcksek Lisans derecesindeki \u00f6\u011frencilerine \u00fcniversite d\u0131\u015f\u0131ndan s\u0131nav verme f\u0131rsat\u0131n\u0131 ka\u00e7\u0131ranlara istisnai bir y\u0131l verirken 1-3-2019 tarihinden \u00f6nce tez a\u015famas\u0131nda &hellip;<\/p>\n","protected":false},"author":1,"featured_media":210085,"comment_status":"closed","ping_status":"closed","sticky":false,"template":"","format":"standard","meta":{"footnotes":""},"categories":[605,17988,599],"tags":[],"class_list":["post-210084","post","type-post","status-publish","format-standard","has-post-thumbnail","","category-sayin-cumhurbaskani","category-son-haberler","category-yasama-ve-kanunlar"],"_links":{"self":[{"href":"https:\/\/archive.sana.sy\/tr\/index.php?rest_route=\/wp\/v2\/posts\/210084","targetHints":{"allow":["GET"]}}],"collection":[{"href":"https:\/\/archive.sana.sy\/tr\/index.php?rest_route=\/wp\/v2\/posts"}],"about":[{"href":"https:\/\/archive.sana.sy\/tr\/index.php?rest_route=\/wp\/v2\/types\/post"}],"author":[{"embeddable":true,"href":"https:\/\/archive.sana.sy\/tr\/index.php?rest_route=\/wp\/v2\/users\/1"}],"replies":[{"embeddable":true,"href":"https:\/\/archive.sana.sy\/tr\/index.php?rest_route=%2Fwp%2Fv2%2Fcomments&post=210084"}],"version-history":[{"count":0,"href":"https:\/\/archive.sana.sy\/tr\/index.php?rest_route=\/wp\/v2\/posts\/210084\/revisions"}],"wp:featuredmedia":[{"embeddable":true,"href":"https:\/\/archive.sana.sy\/tr\/index.php?rest_route=\/wp\/v2\/media\/210085"}],"wp:attachment":[{"href":"https:\/\/archive.sana.sy\/tr\/index.php?rest_route=%2Fwp%2Fv2%2Fmedia&parent=210084"}],"wp:term":[{"taxonomy":"category","embeddable":true,"href":"https:\/\/archive.sana.sy\/tr\/index.php?rest_route=%2Fwp%2Fv2%2Fcategories&post=210084"},{"taxonomy":"post_tag","embeddable":true,"href":"https:\/\/archive.sana.sy\/tr\/index.php?rest_route=%2Fwp%2Fv2%2Ftags&post=210084"}],"curies":[{"name":"wp","href":"https:\/\/api.w.org\/{rel}","templated":true}]}}