{"id":21014,"date":"2015-01-17T21:41:49","date_gmt":"2015-01-17T19:41:49","guid":{"rendered":"http:\/\/www.sana.sy\/tr\/?p=21014"},"modified":"2015-01-17T21:41:49","modified_gmt":"2015-01-17T19:41:49","slug":"turkiye-istihbarati-turkiyede-yaklasik-3000-isidli-terorist-bulunuyor","status":"publish","type":"post","link":"https:\/\/archive.sana.sy\/tr\/?p=21014","title":{"rendered":"T\u00fcrkiye \u0130stihbarat\u0131: T\u00fcrkiye\u2019de Yakla\u015f\u0131k 3000 I\u015e\u0130D\u2019li Ter\u00f6rist Bulunuyor"},"content":{"rendered":"<p>ANKARA \u2013 T\u00fcrkiye istihbarat\u0131n\u0131n haz\u0131rlad\u0131\u011f\u0131 bir raporda T\u00fcrkiye\u2019de I\u015e\u0130D ter\u00f6r \u00f6rg\u00fct\u00fcyle ba\u011flant\u0131l\u0131 yakla\u015f\u0131n 3 bin ki\u015fi bulundu\u011funa i\u015faret edilerek Bat\u0131l\u0131 devletlerin T\u00fcrkiye\u2019de bulunan \u00e7\u0131karlar\u0131n\u0131 hedef alan sald\u0131r\u0131lara kar\u015f\u0131 dikkatli olunmas\u0131 gerekti\u011fi belirtildi.<\/p>\n<p>T\u00fcrkiye\u2019de yay\u0131nlanan H\u00fcrriyet Gazetesinin bug\u00fcnk\u00fc say\u0131s\u0131nda yay\u0131nlanan haberde T\u00fcrkiye \u0130stihbarat Birimlerinin \u00fclkede bulunan belli noktalar\u0131n g\u00fcvenli\u011finin artt\u0131r\u0131lmas\u0131 \u00e7a\u011fr\u0131s\u0131nda bulundu\u011funa dikkat \u00e7ekilerek Bat\u0131l\u0131 devletlerin b\u00fcy\u00fckel\u00e7iliklerinin korumas\u0131yla ilgili g\u00fcvenlik birimlerine k\u0131rm\u0131z\u0131 alarm verildi\u011fi belirtildi.<\/p>\n<p>Paris\u2019te 17 ki\u015finin hayat\u0131n\u0131 kaybetmesiyle sonu\u00e7lanan vah\u015fi sald\u0131r\u0131n\u0131n ard\u0131ndan yay\u0131nlanan raporda, T\u00fcrkiye\u2019de bulunan Bat\u0131l\u0131 vatanda\u015flar\u0131n ve NATO\u2019ya ait alt yap\u0131n\u0131n ter\u00f6ristlerin hedefleri aras\u0131nda yer alabilece\u011fi vurgulan\u0131yor.<\/p>\n<p>T\u00fcrkiye \u0130stihbarat Birimleri, \u00fclkelerinde bulunan ter\u00f6ristlerin say\u0131s\u0131n\u0131 ve etkisini uzun zaman \u00f6ncesinden biliyordu, ancak bu konuyla ilgili belli bir rakam verilmesi ter\u00f6r\u00fc \u00f6zellikle I\u015e\u0130D ter\u00f6r \u00f6rg\u00fct\u00fcn\u00fc bir tehdit unsuru olarak g\u00f6rmeye ba\u015flayan bat\u0131l\u0131 devletlere \u201cter\u00f6r\u00fcn dizginleri T\u00fcrkiye\u2019nin elinde ve Cumhurba\u015fkan\u0131 Recep Tayyip Erdo\u011fan\u2019\u0131n ter\u00f6ristleri istedi\u011fi \u015fekilde y\u00f6nlendirme g\u00fcc\u00fcne sahip oldu\u011fu\u201d mesaj\u0131n\u0131 ta\u015f\u0131yor.<\/p>\n<p>Rapor, T\u00fcrkiye\u2019de uyuyan h\u00fccreler olarak nitelendirilen I\u015e\u0130D ter\u00f6ristlerinin her an her yerde bombal\u0131 sald\u0131r\u0131 d\u00fczenlemeleri tehlikesine kar\u015f\u0131 da dikkat edilmesi gere\u011fini vurguluyor.<\/p>\n<p>F:B.<\/p>\n","protected":false},"excerpt":{"rendered":"<p>ANKARA \u2013 T\u00fcrkiye istihbarat\u0131n\u0131n haz\u0131rlad\u0131\u011f\u0131 bir raporda T\u00fcrkiye\u2019de I\u015e\u0130D ter\u00f6r \u00f6rg\u00fct\u00fcyle ba\u011flant\u0131l\u0131 yakla\u015f\u0131n 3 bin ki\u015fi bulundu\u011funa i\u015faret edilerek Bat\u0131l\u0131 devletlerin T\u00fcrkiye\u2019de bulunan \u00e7\u0131karlar\u0131n\u0131 hedef alan sald\u0131r\u0131lara kar\u015f\u0131 dikkatli olunmas\u0131 gerekti\u011fi belirtildi. T\u00fcrkiye\u2019de yay\u0131nlanan H\u00fcrriyet Gazetesinin bug\u00fcnk\u00fc say\u0131s\u0131nda yay\u0131nlanan haberde T\u00fcrkiye \u0130stihbarat Birimlerinin \u00fclkede bulunan belli noktalar\u0131n g\u00fcvenli\u011finin artt\u0131r\u0131lmas\u0131 \u00e7a\u011fr\u0131s\u0131nda bulundu\u011funa dikkat \u00e7ekilerek Bat\u0131l\u0131 devletlerin &hellip;<\/p>\n","protected":false},"author":1,"featured_media":21015,"comment_status":"closed","ping_status":"closed","sticky":false,"template":"","format":"standard","meta":{"footnotes":""},"categories":[458,459,447,2554,2555],"tags":[10169,10166,10167,10170,10168],"class_list":["post-21014","post","type-post","status-publish","format-standard","has-post-thumbnail","","category-dunya1","category-haberler-arap-uluslararasi-politika","category-politika","category-suriye-ve-dunya","category-suriye-ve-turkiye","tag-ancak-bu-konuyla-ilgili-belli-bir-rakam-verilmesi-teroru-ozellikle-isid-teror-orgutunu-bir-tehdit-unsuru-olarak-gormeye-baslayan-batili-devletlere-terorun-dizginleri-turkiyenin-elind","tag-turkiye-istihbarati-turkiyede-yaklasik-3000-isidli-terorist-bulunuyor-sam-turkiye-istihbaratinin-hazirladigi-bir-raporda-turkiyede-isid-teror-orgutuyle-baglantili","tag-turkiyede-bulunan-batili-vatandaslarin-ve-natoya-ait-alt-yapinin-teroristlerin-hedefleri-arasinda-yer-alabilecegi-vurgulaniyor-turkiye-istihbarat-birimleri","tag-turkiyede-uyuyan-hucreler-olarak-nitelendirilen-isid-teroristlerinin-her-an-her-yerde-bombali-saldiri-duzenlemeleri-tehlikesine-karsi-da-dikkat-edilmesi-geregini-vurguluyor","tag-ulkelerinde-bulunan-teroristlerin-sayisini-ve-etkisini-uzun-zaman-oncesinden-biliyordu"],"_links":{"self":[{"href":"https:\/\/archive.sana.sy\/tr\/index.php?rest_route=\/wp\/v2\/posts\/21014","targetHints":{"allow":["GET"]}}],"collection":[{"href":"https:\/\/archive.sana.sy\/tr\/index.php?rest_route=\/wp\/v2\/posts"}],"about":[{"href":"https:\/\/archive.sana.sy\/tr\/index.php?rest_route=\/wp\/v2\/types\/post"}],"author":[{"embeddable":true,"href":"https:\/\/archive.sana.sy\/tr\/index.php?rest_route=\/wp\/v2\/users\/1"}],"replies":[{"embeddable":true,"href":"https:\/\/archive.sana.sy\/tr\/index.php?rest_route=%2Fwp%2Fv2%2Fcomments&post=21014"}],"version-history":[{"count":0,"href":"https:\/\/archive.sana.sy\/tr\/index.php?rest_route=\/wp\/v2\/posts\/21014\/revisions"}],"wp:featuredmedia":[{"embeddable":true,"href":"https:\/\/archive.sana.sy\/tr\/index.php?rest_route=\/wp\/v2\/media\/21015"}],"wp:attachment":[{"href":"https:\/\/archive.sana.sy\/tr\/index.php?rest_route=%2Fwp%2Fv2%2Fmedia&parent=21014"}],"wp:term":[{"taxonomy":"category","embeddable":true,"href":"https:\/\/archive.sana.sy\/tr\/index.php?rest_route=%2Fwp%2Fv2%2Fcategories&post=21014"},{"taxonomy":"post_tag","embeddable":true,"href":"https:\/\/archive.sana.sy\/tr\/index.php?rest_route=%2Fwp%2Fv2%2Ftags&post=21014"}],"curies":[{"name":"wp","href":"https:\/\/api.w.org\/{rel}","templated":true}]}}