{"id":210146,"date":"2020-05-29T09:30:30","date_gmt":"2020-05-29T06:30:30","guid":{"rendered":"http:\/\/www.sana.sy\/tr\/?p=210146"},"modified":"2020-05-30T12:35:49","modified_gmt":"2020-05-30T09:35:49","slug":"cin-ic-islerimize-herhangi-bir-mudahaleye-karsi-icraatlar-almaya-haziriz","status":"publish","type":"post","link":"https:\/\/archive.sana.sy\/tr\/?p=210146","title":{"rendered":"\u00c7in: \u0130\u00e7 \u0130\u015flerimize Herhangi Bir M\u00fcdahaleye Kar\u015f\u0131 \u0130craatlar Almaya Haz\u0131r\u0131z"},"content":{"rendered":"<p>PEK\u0130N \u2013 \u00c7in, i\u00e7 i\u015flerine ABD taraf\u0131ndan m\u00fcdahale etmeye herhangi bir giri\u015fime kar\u015f\u0131 icraatlar alaca\u011f\u0131n\u0131 vurgulad\u0131.<\/p>\n<p>\u00c7in D\u0131\u015fi\u015fleri Bakanl\u0131\u011f\u0131 S\u00f6zc\u00fcs\u00fc \u00c7ao Li Ciyan bug\u00fcn bulundu\u011fu bas\u0131n a\u00e7\u0131klamalarda; \u00c7in parlamentosu taraf\u0131ndan al\u0131nan Honk Kong ulusal g\u00fcvenlik kanununa kar\u015f\u0131 tepki g\u00f6steren ABD, Britanya, Kanada ve Avustralya\u2019n\u0131n ortak beyan\u0131 ile ilgili \u201c\u00c7in\u2019in memnuniyetsizli\u011fini ifade etti\u011fini\u201d dile getirdi.<\/p>\n<p>\u00c7in\u2019in bu tutumu, ABD Ba\u015fkan\u0131n\u0131n ulusal g\u00fcvenlik i\u015flerinden dan\u0131\u015fman\u0131 Robert O\u2019brian\u2019n\u0131n \u00a0Hong Kong\u2019un yeni g\u00fcvenlik kanunun \u201cPekin\u2019e kar\u015f\u0131 ABD icraatlar\u0131na neden olabilece\u011fini\u201d a\u00e7\u0131klamas\u0131na tepki olarak \u00a0meydana geliyor.<\/p>\n<p>P.M.<\/p>\n","protected":false},"excerpt":{"rendered":"<p>PEK\u0130N \u2013 \u00c7in, i\u00e7 i\u015flerine ABD taraf\u0131ndan m\u00fcdahale etmeye herhangi bir giri\u015fime kar\u015f\u0131 icraatlar alaca\u011f\u0131n\u0131 vurgulad\u0131. \u00c7in D\u0131\u015fi\u015fleri Bakanl\u0131\u011f\u0131 S\u00f6zc\u00fcs\u00fc \u00c7ao Li Ciyan bug\u00fcn bulundu\u011fu bas\u0131n a\u00e7\u0131klamalarda; \u00c7in parlamentosu taraf\u0131ndan al\u0131nan Honk Kong ulusal g\u00fcvenlik kanununa kar\u015f\u0131 tepki g\u00f6steren ABD, Britanya, Kanada ve Avustralya\u2019n\u0131n ortak beyan\u0131 ile ilgili \u201c\u00c7in\u2019in memnuniyetsizli\u011fini ifade etti\u011fini\u201d dile getirdi. \u00c7in\u2019in &hellip;<\/p>\n","protected":false},"author":1,"featured_media":210154,"comment_status":"closed","ping_status":"closed","sticky":false,"template":"","format":"standard","meta":{"footnotes":""},"categories":[458,459,17988],"tags":[],"class_list":["post-210146","post","type-post","status-publish","format-standard","has-post-thumbnail","","category-dunya1","category-haberler-arap-uluslararasi-politika","category-son-haberler"],"_links":{"self":[{"href":"https:\/\/archive.sana.sy\/tr\/index.php?rest_route=\/wp\/v2\/posts\/210146","targetHints":{"allow":["GET"]}}],"collection":[{"href":"https:\/\/archive.sana.sy\/tr\/index.php?rest_route=\/wp\/v2\/posts"}],"about":[{"href":"https:\/\/archive.sana.sy\/tr\/index.php?rest_route=\/wp\/v2\/types\/post"}],"author":[{"embeddable":true,"href":"https:\/\/archive.sana.sy\/tr\/index.php?rest_route=\/wp\/v2\/users\/1"}],"replies":[{"embeddable":true,"href":"https:\/\/archive.sana.sy\/tr\/index.php?rest_route=%2Fwp%2Fv2%2Fcomments&post=210146"}],"version-history":[{"count":0,"href":"https:\/\/archive.sana.sy\/tr\/index.php?rest_route=\/wp\/v2\/posts\/210146\/revisions"}],"wp:featuredmedia":[{"embeddable":true,"href":"https:\/\/archive.sana.sy\/tr\/index.php?rest_route=\/wp\/v2\/media\/210154"}],"wp:attachment":[{"href":"https:\/\/archive.sana.sy\/tr\/index.php?rest_route=%2Fwp%2Fv2%2Fmedia&parent=210146"}],"wp:term":[{"taxonomy":"category","embeddable":true,"href":"https:\/\/archive.sana.sy\/tr\/index.php?rest_route=%2Fwp%2Fv2%2Fcategories&post=210146"},{"taxonomy":"post_tag","embeddable":true,"href":"https:\/\/archive.sana.sy\/tr\/index.php?rest_route=%2Fwp%2Fv2%2Ftags&post=210146"}],"curies":[{"name":"wp","href":"https:\/\/api.w.org\/{rel}","templated":true}]}}