{"id":210359,"date":"2020-05-31T22:47:32","date_gmt":"2020-05-31T19:47:32","guid":{"rendered":"http:\/\/www.sana.sy\/tr\/?p=210359"},"modified":"2020-06-01T14:09:09","modified_gmt":"2020-06-01T11:09:09","slug":"sam-pazarlari-sebze-fiyatlarinda-dusus-surerken-buyuk-miktarda-mal-bulunuyor","status":"publish","type":"post","link":"https:\/\/archive.sana.sy\/tr\/?p=210359","title":{"rendered":"\u015eam Pazarlar\u0131.. Sebze Fiyatlar\u0131nda D\u00fc\u015f\u00fc\u015f S\u00fcrerken B\u00fcy\u00fck Miktarda Mal Bulunuyor"},"content":{"rendered":"<p>\u015eAM &#8211; S\u0131cakl\u0131klar\u0131n art\u0131\u015f\u0131yla \u015eam pazarlar\u0131ndaki sebze fiyatlar\u0131nda g\u00f6zle g\u00f6r\u00fcl\u00fcr d\u00fc\u015f\u00fc\u015fe tan\u0131k olurken, pazarlardaki mallar\u0131n bollu\u011fu ve t\u00fcccarlar\u0131n depolama g\u00fcc\u00fcn\u00fc kaybetmeleriyle birlikte s\u00fcr\u00fcyor.<\/p>\n<div id='gallery-1' class='gallery galleryid-210359 gallery-columns-2 gallery-size-full'><figure class='gallery-item'>\n\t\t\t<div class='gallery-icon landscape'>\n\t\t\t\t<a href='https:\/\/archive.sana.sy\/tr\/wp-content\/uploads\/2020\/05\/1-481.jpg'><img loading=\"lazy\" decoding=\"async\" width=\"660\" height=\"406\" src=\"https:\/\/archive.sana.sy\/tr\/wp-content\/uploads\/2020\/05\/1-481.jpg\" class=\"attachment-full size-full\" alt=\"\" srcset=\"https:\/\/archive.sana.sy\/tr\/wp-content\/uploads\/2020\/05\/1-481.jpg 660w, https:\/\/archive.sana.sy\/tr\/wp-content\/uploads\/2020\/05\/1-481-300x185.jpg 300w, https:\/\/archive.sana.sy\/tr\/wp-content\/uploads\/2020\/05\/1-481-150x92.jpg 150w\" sizes=\"auto, (max-width: 660px) 100vw, 660px\" \/><\/a>\n\t\t\t<\/div><\/figure><figure class='gallery-item'>\n\t\t\t<div class='gallery-icon landscape'>\n\t\t\t\t<a href='https:\/\/archive.sana.sy\/tr\/wp-content\/uploads\/2020\/05\/10-148.jpg'><img loading=\"lazy\" decoding=\"async\" width=\"660\" height=\"439\" src=\"https:\/\/archive.sana.sy\/tr\/wp-content\/uploads\/2020\/05\/10-148.jpg\" class=\"attachment-full size-full\" alt=\"\" srcset=\"https:\/\/archive.sana.sy\/tr\/wp-content\/uploads\/2020\/05\/10-148.jpg 660w, https:\/\/archive.sana.sy\/tr\/wp-content\/uploads\/2020\/05\/10-148-300x200.jpg 300w, https:\/\/archive.sana.sy\/tr\/wp-content\/uploads\/2020\/05\/10-148-150x100.jpg 150w, https:\/\/archive.sana.sy\/tr\/wp-content\/uploads\/2020\/05\/10-148-310x205.jpg 310w\" sizes=\"auto, (max-width: 660px) 100vw, 660px\" \/><\/a>\n\t\t\t<\/div><\/figure><figure class='gallery-item'>\n\t\t\t<div class='gallery-icon landscape'>\n\t\t\t\t<a href='https:\/\/archive.sana.sy\/tr\/wp-content\/uploads\/2020\/05\/2-352.jpg'><img loading=\"lazy\" decoding=\"async\" width=\"660\" height=\"433\" src=\"https:\/\/archive.sana.sy\/tr\/wp-content\/uploads\/2020\/05\/2-352.jpg\" class=\"attachment-full size-full\" alt=\"\" srcset=\"https:\/\/archive.sana.sy\/tr\/wp-content\/uploads\/2020\/05\/2-352.jpg 660w, https:\/\/archive.sana.sy\/tr\/wp-content\/uploads\/2020\/05\/2-352-300x197.jpg 300w, https:\/\/archive.sana.sy\/tr\/wp-content\/uploads\/2020\/05\/2-352-150x98.jpg 150w\" sizes=\"auto, (max-width: 660px) 100vw, 660px\" \/><\/a>\n\t\t\t<\/div><\/figure><figure class='gallery-item'>\n\t\t\t<div class='gallery-icon landscape'>\n\t\t\t\t<a href='https:\/\/archive.sana.sy\/tr\/wp-content\/uploads\/2020\/05\/5-201.jpg'><img loading=\"lazy\" decoding=\"async\" width=\"660\" height=\"436\" src=\"https:\/\/archive.sana.sy\/tr\/wp-content\/uploads\/2020\/05\/5-201.jpg\" class=\"attachment-full size-full\" alt=\"\" srcset=\"https:\/\/archive.sana.sy\/tr\/wp-content\/uploads\/2020\/05\/5-201.jpg 660w, https:\/\/archive.sana.sy\/tr\/wp-content\/uploads\/2020\/05\/5-201-300x198.jpg 300w, https:\/\/archive.sana.sy\/tr\/wp-content\/uploads\/2020\/05\/5-201-150x99.jpg 150w, https:\/\/archive.sana.sy\/tr\/wp-content\/uploads\/2020\/05\/5-201-310x205.jpg 310w\" sizes=\"auto, (max-width: 660px) 100vw, 660px\" \/><\/a>\n\t\t\t<\/div><\/figure><figure class='gallery-item'>\n\t\t\t<div class='gallery-icon landscape'>\n\t\t\t\t<a href='https:\/\/archive.sana.sy\/tr\/wp-content\/uploads\/2020\/05\/9-107.jpg'><img loading=\"lazy\" decoding=\"async\" width=\"660\" height=\"420\" src=\"https:\/\/archive.sana.sy\/tr\/wp-content\/uploads\/2020\/05\/9-107.jpg\" class=\"attachment-full size-full\" alt=\"\" srcset=\"https:\/\/archive.sana.sy\/tr\/wp-content\/uploads\/2020\/05\/9-107.jpg 660w, https:\/\/archive.sana.sy\/tr\/wp-content\/uploads\/2020\/05\/9-107-300x191.jpg 300w, https:\/\/archive.sana.sy\/tr\/wp-content\/uploads\/2020\/05\/9-107-150x95.jpg 150w\" sizes=\"auto, (max-width: 660px) 100vw, 660px\" \/><\/a>\n\t\t\t<\/div><\/figure><figure class='gallery-item'>\n\t\t\t<div class='gallery-icon landscape'>\n\t\t\t\t<a href='https:\/\/archive.sana.sy\/tr\/wp-content\/uploads\/2020\/05\/11-136.jpg'><img loading=\"lazy\" decoding=\"async\" width=\"660\" height=\"439\" src=\"https:\/\/archive.sana.sy\/tr\/wp-content\/uploads\/2020\/05\/11-136.jpg\" class=\"attachment-full size-full\" alt=\"\" srcset=\"https:\/\/archive.sana.sy\/tr\/wp-content\/uploads\/2020\/05\/11-136.jpg 660w, https:\/\/archive.sana.sy\/tr\/wp-content\/uploads\/2020\/05\/11-136-300x200.jpg 300w, https:\/\/archive.sana.sy\/tr\/wp-content\/uploads\/2020\/05\/11-136-150x100.jpg 150w, https:\/\/archive.sana.sy\/tr\/wp-content\/uploads\/2020\/05\/11-136-310x205.jpg 310w\" sizes=\"auto, (max-width: 660px) 100vw, 660px\" \/><\/a>\n\t\t\t<\/div><\/figure>\n\t\t<\/div>\n\n","protected":false},"excerpt":{"rendered":"<p>\u015eAM &#8211; S\u0131cakl\u0131klar\u0131n art\u0131\u015f\u0131yla \u015eam pazarlar\u0131ndaki sebze fiyatlar\u0131nda g\u00f6zle g\u00f6r\u00fcl\u00fcr d\u00fc\u015f\u00fc\u015fe tan\u0131k olurken, pazarlardaki mallar\u0131n bollu\u011fu ve t\u00fcccarlar\u0131n depolama g\u00fcc\u00fcn\u00fc kaybetmeleriyle birlikte s\u00fcr\u00fcyor.<\/p>\n","protected":false},"author":1,"featured_media":210360,"comment_status":"closed","ping_status":"closed","sticky":false,"template":"","format":"standard","meta":{"footnotes":""},"categories":[485,596,486,479,17988,478],"tags":[],"class_list":["post-210359","post","type-post","status-publish","format-standard","has-post-thumbnail","","category-is-ve-sermaye","category-fotografli-raporlar","category-haberler-is-ve-sermaye","category-haberler-yerel","category-son-haberler","category-yerel"],"_links":{"self":[{"href":"https:\/\/archive.sana.sy\/tr\/index.php?rest_route=\/wp\/v2\/posts\/210359","targetHints":{"allow":["GET"]}}],"collection":[{"href":"https:\/\/archive.sana.sy\/tr\/index.php?rest_route=\/wp\/v2\/posts"}],"about":[{"href":"https:\/\/archive.sana.sy\/tr\/index.php?rest_route=\/wp\/v2\/types\/post"}],"author":[{"embeddable":true,"href":"https:\/\/archive.sana.sy\/tr\/index.php?rest_route=\/wp\/v2\/users\/1"}],"replies":[{"embeddable":true,"href":"https:\/\/archive.sana.sy\/tr\/index.php?rest_route=%2Fwp%2Fv2%2Fcomments&post=210359"}],"version-history":[{"count":0,"href":"https:\/\/archive.sana.sy\/tr\/index.php?rest_route=\/wp\/v2\/posts\/210359\/revisions"}],"wp:featuredmedia":[{"embeddable":true,"href":"https:\/\/archive.sana.sy\/tr\/index.php?rest_route=\/wp\/v2\/media\/210360"}],"wp:attachment":[{"href":"https:\/\/archive.sana.sy\/tr\/index.php?rest_route=%2Fwp%2Fv2%2Fmedia&parent=210359"}],"wp:term":[{"taxonomy":"category","embeddable":true,"href":"https:\/\/archive.sana.sy\/tr\/index.php?rest_route=%2Fwp%2Fv2%2Fcategories&post=210359"},{"taxonomy":"post_tag","embeddable":true,"href":"https:\/\/archive.sana.sy\/tr\/index.php?rest_route=%2Fwp%2Fv2%2Ftags&post=210359"}],"curies":[{"name":"wp","href":"https:\/\/api.w.org\/{rel}","templated":true}]}}