{"id":210465,"date":"2020-06-01T19:54:23","date_gmt":"2020-06-01T16:54:23","guid":{"rendered":"http:\/\/www.sana.sy\/tr\/?p=210465"},"modified":"2020-06-02T08:25:58","modified_gmt":"2020-06-02T05:25:58","slug":"lazkiye-sreyteh-semtinde-iki-arac-yandi","status":"publish","type":"post","link":"https:\/\/archive.sana.sy\/tr\/?p=210465","title":{"rendered":"Lazkiye \u015ereyteh Semtinde \u0130ki Ara\u00e7 Yand\u0131"},"content":{"rendered":"<p style=\"text-align: justify;\">LAZK\u0130YE \u2013 Bug\u00fcn \u00f6\u011fleden sonra Lazkiye&#8217;nin \u015ereyteh semtinde park halindeki iki ara\u00e7ta yang\u0131n \u00e7\u0131kt\u0131. Yang\u0131n\u0131n \u00f6nce Suzuki pikap arac\u0131nda \u00e7\u0131kt\u0131\u011f\u0131 daha sonra yang\u0131n\u0131n yan\u0131ndaki SABA marka araca s\u0131\u00e7rad\u0131\u011f\u0131 ifade edildi.<\/p>\n<p style=\"text-align: justify;\">Lazkiye \u0130tfaiye M\u00fcd\u00fcr\u00fc Muhanned Cafer SANA muhabirine a\u00e7\u0131klamas\u0131nda, itfaiye ekiplerinin olay yerine geldiklerini ve \u00e7\u0131kan ate\u015fleri s\u00f6nd\u00fcrd\u00fcklerini olayda sadece iki arac\u0131n yand\u0131\u011f\u0131n\u0131 kaydetti.<\/p>\n","protected":false},"excerpt":{"rendered":"<p>LAZK\u0130YE \u2013 Bug\u00fcn \u00f6\u011fleden sonra Lazkiye&#8217;nin \u015ereyteh semtinde park halindeki iki ara\u00e7ta yang\u0131n \u00e7\u0131kt\u0131. Yang\u0131n\u0131n \u00f6nce Suzuki pikap arac\u0131nda \u00e7\u0131kt\u0131\u011f\u0131 daha sonra yang\u0131n\u0131n yan\u0131ndaki SABA marka araca s\u0131\u00e7rad\u0131\u011f\u0131 ifade edildi. Lazkiye \u0130tfaiye M\u00fcd\u00fcr\u00fc Muhanned Cafer SANA muhabirine a\u00e7\u0131klamas\u0131nda, itfaiye ekiplerinin olay yerine geldiklerini ve \u00e7\u0131kan ate\u015fleri s\u00f6nd\u00fcrd\u00fcklerini olayda sadece iki arac\u0131n yand\u0131\u011f\u0131n\u0131 kaydetti.<\/p>\n","protected":false},"author":1,"featured_media":210466,"comment_status":"closed","ping_status":"closed","sticky":false,"template":"","format":"standard","meta":{"footnotes":""},"categories":[479,17988,478],"tags":[],"class_list":["post-210465","post","type-post","status-publish","format-standard","has-post-thumbnail","","category-haberler-yerel","category-son-haberler","category-yerel"],"_links":{"self":[{"href":"https:\/\/archive.sana.sy\/tr\/index.php?rest_route=\/wp\/v2\/posts\/210465","targetHints":{"allow":["GET"]}}],"collection":[{"href":"https:\/\/archive.sana.sy\/tr\/index.php?rest_route=\/wp\/v2\/posts"}],"about":[{"href":"https:\/\/archive.sana.sy\/tr\/index.php?rest_route=\/wp\/v2\/types\/post"}],"author":[{"embeddable":true,"href":"https:\/\/archive.sana.sy\/tr\/index.php?rest_route=\/wp\/v2\/users\/1"}],"replies":[{"embeddable":true,"href":"https:\/\/archive.sana.sy\/tr\/index.php?rest_route=%2Fwp%2Fv2%2Fcomments&post=210465"}],"version-history":[{"count":0,"href":"https:\/\/archive.sana.sy\/tr\/index.php?rest_route=\/wp\/v2\/posts\/210465\/revisions"}],"wp:featuredmedia":[{"embeddable":true,"href":"https:\/\/archive.sana.sy\/tr\/index.php?rest_route=\/wp\/v2\/media\/210466"}],"wp:attachment":[{"href":"https:\/\/archive.sana.sy\/tr\/index.php?rest_route=%2Fwp%2Fv2%2Fmedia&parent=210465"}],"wp:term":[{"taxonomy":"category","embeddable":true,"href":"https:\/\/archive.sana.sy\/tr\/index.php?rest_route=%2Fwp%2Fv2%2Fcategories&post=210465"},{"taxonomy":"post_tag","embeddable":true,"href":"https:\/\/archive.sana.sy\/tr\/index.php?rest_route=%2Fwp%2Fv2%2Ftags&post=210465"}],"curies":[{"name":"wp","href":"https:\/\/api.w.org\/{rel}","templated":true}]}}