{"id":210468,"date":"2020-06-01T20:48:33","date_gmt":"2020-06-01T17:48:33","guid":{"rendered":"http:\/\/www.sana.sy\/tr\/?p=210468"},"modified":"2020-06-02T19:01:49","modified_gmt":"2020-06-02T16:01:49","slug":"afrinde-yasanan-arac-patlamasiyla-siviller-arasinda-yaralilar-oldu","status":"publish","type":"post","link":"https:\/\/archive.sana.sy\/tr\/?p=210468","title":{"rendered":"Afrin\u2019de Ya\u015fanan Ara\u00e7 Patlamas\u0131yla Siviller Aras\u0131nda Yaral\u0131lar Oldu"},"content":{"rendered":"<p>HALEP &#8211; Halep bat\u0131s\u0131 Afirn b\u00f6lgesine ba\u011fl\u0131 Cindeyres nahiyesinde bir bomba tuzakl\u0131 arac\u0131n infilak etmesi sonucunda siviller aras\u0131nda isapetler ya\u015fand\u0131 ve a\u011f\u0131r maddi hasarlar meydana geldi.<\/p>\n<p>SANA muhabirine a\u00e7\u0131klamas\u0131nda Yerel Kaynaklar, Erdo\u011fan rejimine tabi ter\u00f6r \u00f6rg\u00fctlerin yay\u0131ld\u0131\u011f\u0131 beldenin en b\u00fcy\u00fck mesken mahallelerin birinde bir bomba tuzakl\u0131 arac\u0131n infilak etti\u011fini ifade etti.<\/p>\n<p>Yerel kaynaklara g\u00f6re, bir\u00e7ok sivil vatanda\u015f\u0131n yaral\u0131 oldu\u011fu ve b\u00f6lgede a\u011f\u0131r maddi hasarlar\u0131n meydana geldi\u011fini belirtti.<\/p>\n<p>T\u00fcrk i\u015fgal g\u00fc\u00e7lerinin paral\u0131 ter\u00f6ristlerle beraber ge\u00e7en mart ay\u0131nda girdi\u011fi \u0650Afrin ve ona tabi k\u00f6yler, o tarihten bu yana g\u00fcvenlik gev\u015fekli\u011fi, kaos ve ter\u00f6r gruplar\u0131 aras\u0131nda egemenlik \u00e7at\u0131\u015fmalar\u0131 ya\u015famaktad\u0131r.<\/p>\n<p>Kumeyt Yusuf<\/p>\n","protected":false},"excerpt":{"rendered":"<p>HALEP &#8211; Halep bat\u0131s\u0131 Afirn b\u00f6lgesine ba\u011fl\u0131 Cindeyres nahiyesinde bir bomba tuzakl\u0131 arac\u0131n infilak etmesi sonucunda siviller aras\u0131nda isapetler ya\u015fand\u0131 ve a\u011f\u0131r maddi hasarlar meydana geldi. SANA muhabirine a\u00e7\u0131klamas\u0131nda Yerel Kaynaklar, Erdo\u011fan rejimine tabi ter\u00f6r \u00f6rg\u00fctlerin yay\u0131ld\u0131\u011f\u0131 beldenin en b\u00fcy\u00fck mesken mahallelerin birinde bir bomba tuzakl\u0131 arac\u0131n infilak etti\u011fini ifade etti. Yerel kaynaklara g\u00f6re, bir\u00e7ok &hellip;<\/p>\n","protected":false},"author":1,"featured_media":210490,"comment_status":"closed","ping_status":"closed","sticky":false,"template":"","format":"standard","meta":{"footnotes":""},"categories":[479,17988,2554,2555,478],"tags":[],"class_list":["post-210468","post","type-post","status-publish","format-standard","has-post-thumbnail","","category-haberler-yerel","category-son-haberler","category-suriye-ve-dunya","category-suriye-ve-turkiye","category-yerel"],"_links":{"self":[{"href":"https:\/\/archive.sana.sy\/tr\/index.php?rest_route=\/wp\/v2\/posts\/210468","targetHints":{"allow":["GET"]}}],"collection":[{"href":"https:\/\/archive.sana.sy\/tr\/index.php?rest_route=\/wp\/v2\/posts"}],"about":[{"href":"https:\/\/archive.sana.sy\/tr\/index.php?rest_route=\/wp\/v2\/types\/post"}],"author":[{"embeddable":true,"href":"https:\/\/archive.sana.sy\/tr\/index.php?rest_route=\/wp\/v2\/users\/1"}],"replies":[{"embeddable":true,"href":"https:\/\/archive.sana.sy\/tr\/index.php?rest_route=%2Fwp%2Fv2%2Fcomments&post=210468"}],"version-history":[{"count":0,"href":"https:\/\/archive.sana.sy\/tr\/index.php?rest_route=\/wp\/v2\/posts\/210468\/revisions"}],"wp:featuredmedia":[{"embeddable":true,"href":"https:\/\/archive.sana.sy\/tr\/index.php?rest_route=\/wp\/v2\/media\/210490"}],"wp:attachment":[{"href":"https:\/\/archive.sana.sy\/tr\/index.php?rest_route=%2Fwp%2Fv2%2Fmedia&parent=210468"}],"wp:term":[{"taxonomy":"category","embeddable":true,"href":"https:\/\/archive.sana.sy\/tr\/index.php?rest_route=%2Fwp%2Fv2%2Fcategories&post=210468"},{"taxonomy":"post_tag","embeddable":true,"href":"https:\/\/archive.sana.sy\/tr\/index.php?rest_route=%2Fwp%2Fv2%2Ftags&post=210468"}],"curies":[{"name":"wp","href":"https:\/\/api.w.org\/{rel}","templated":true}]}}