{"id":210482,"date":"2020-06-02T00:59:53","date_gmt":"2020-06-01T21:59:53","guid":{"rendered":"http:\/\/www.sana.sy\/tr\/?p=210482"},"modified":"2020-06-02T19:03:34","modified_gmt":"2020-06-02T16:03:34","slug":"asad-pasa-hani-dogunun-mimarlik-guzeli-ve-en-eskisi","status":"publish","type":"post","link":"https:\/\/archive.sana.sy\/tr\/?p=210482","title":{"rendered":"Asad Pa\u015fa Han\u0131&#8230; Do\u011funun Mimarl\u0131k G\u00fczeli ve En Eskisi"},"content":{"rendered":"<p>\u015eam \u2013 geni\u015fli\u011fi ve islami mimarl\u0131k tarz\u0131 bak\u0131m\u0131ndan do\u011funun en muazzam han\u0131 \u2018\u2019Asad Pa\u015fa Han\u0131\u2019\u2019, Eski \u015eam \u015fehrinde bulunmaktad\u0131r.<\/p>\n<p>K\u00fclt\u00fcr Bakanl\u0131\u011f\u0131\u2019n\u0131n, \u2018\u2019K\u00fclt\u00fcr Evindedir\u2019\u2019 aktivitesi kapsam\u0131nda etkinliklere misafir etmek \u00fczere se\u00e7ti.<img loading=\"lazy\" decoding=\"async\" class=\"size-full wp-image-210484 alignright\" src=\"http:\/\/www.sana.sy\/tr\/wp-content\/uploads\/2020\/06\/04-2-300x168-1.jpg\" alt=\"\" width=\"300\" height=\"168\" srcset=\"https:\/\/archive.sana.sy\/tr\/wp-content\/uploads\/2020\/06\/04-2-300x168-1.jpg 300w, https:\/\/archive.sana.sy\/tr\/wp-content\/uploads\/2020\/06\/04-2-300x168-1-150x84.jpg 150w\" sizes=\"auto, (max-width: 300px) 100vw, 300px\" \/><\/p>\n<p>Han, Emevi Camii\u2019nin g\u00fcneyinde yer almaktad\u0131r, 270 y\u0131ldan beri 1753 y\u0131l\u0131nda emevi saraylar \u00fczerinde in\u015fa edilmi\u015ftir.<\/p>\n<p>\u2018\u2019Havadisi Dime\u015fk El Yevmiye\u2019\u2019 adl\u0131 kitab\u0131nda Ahmed El Budeyri El Hallak\u2019a g\u00f6re Han\u2019\u0131n in\u015fas\u0131na \u0130bnu Siyaj adl\u0131 \u015eaml\u0131 bir mimar in\u015fa etmi\u015ftir.<\/p>\n<p>Han\u2019\u0131n in\u015fas\u0131 t\u00fcccarlar\u0131n karargah\u0131 olmak \u00fczere \u015eam velisi Asad Pa\u015fa El Azm\u2019\u0131n emrine uyarak 2500m2 y\u00fcz\u00f6l\u00e7\u00fcm\u00fc \u00fczerine in\u015fa edilmi\u015ftir.<\/p>\n<div id='gallery-1' class='gallery galleryid-210482 gallery-columns-1 gallery-size-full'><figure class='gallery-item'>\n\t\t\t<div class='gallery-icon landscape'>\n\t\t\t\t<a href='https:\/\/archive.sana.sy\/tr\/wp-content\/uploads\/2020\/06\/01-3-768x562-1.jpg'><img loading=\"lazy\" decoding=\"async\" width=\"768\" height=\"562\" src=\"https:\/\/archive.sana.sy\/tr\/wp-content\/uploads\/2020\/06\/01-3-768x562-1.jpg\" class=\"attachment-full size-full\" alt=\"\" srcset=\"https:\/\/archive.sana.sy\/tr\/wp-content\/uploads\/2020\/06\/01-3-768x562-1.jpg 768w, https:\/\/archive.sana.sy\/tr\/wp-content\/uploads\/2020\/06\/01-3-768x562-1-300x220.jpg 300w, https:\/\/archive.sana.sy\/tr\/wp-content\/uploads\/2020\/06\/01-3-768x562-1-150x110.jpg 150w\" sizes=\"auto, (max-width: 768px) 100vw, 768px\" \/><\/a>\n\t\t\t<\/div><\/figure><figure class='gallery-item'>\n\t\t\t<div class='gallery-icon landscape'>\n\t\t\t\t<a href='https:\/\/archive.sana.sy\/tr\/wp-content\/uploads\/2020\/06\/0-3-768x576-1.jpg'><img loading=\"lazy\" decoding=\"async\" width=\"768\" height=\"576\" src=\"https:\/\/archive.sana.sy\/tr\/wp-content\/uploads\/2020\/06\/0-3-768x576-1.jpg\" class=\"attachment-full size-full\" alt=\"\" srcset=\"https:\/\/archive.sana.sy\/tr\/wp-content\/uploads\/2020\/06\/0-3-768x576-1.jpg 768w, https:\/\/archive.sana.sy\/tr\/wp-content\/uploads\/2020\/06\/0-3-768x576-1-300x225.jpg 300w, https:\/\/archive.sana.sy\/tr\/wp-content\/uploads\/2020\/06\/0-3-768x576-1-150x113.jpg 150w\" sizes=\"auto, (max-width: 768px) 100vw, 768px\" \/><\/a>\n\t\t\t<\/div><\/figure>\n\t\t<\/div>\n\n","protected":false},"excerpt":{"rendered":"<p>\u015eam \u2013 geni\u015fli\u011fi ve islami mimarl\u0131k tarz\u0131 bak\u0131m\u0131ndan do\u011funun en muazzam han\u0131 \u2018\u2019Asad Pa\u015fa Han\u0131\u2019\u2019, Eski \u015eam \u015fehrinde bulunmaktad\u0131r. K\u00fclt\u00fcr Bakanl\u0131\u011f\u0131\u2019n\u0131n, \u2018\u2019K\u00fclt\u00fcr Evindedir\u2019\u2019 aktivitesi kapsam\u0131nda etkinliklere misafir etmek \u00fczere se\u00e7ti. Han, Emevi Camii\u2019nin g\u00fcneyinde yer almaktad\u0131r, 270 y\u0131ldan beri 1753 y\u0131l\u0131nda emevi saraylar \u00fczerinde in\u015fa edilmi\u015ftir. \u2018\u2019Havadisi Dime\u015fk El Yevmiye\u2019\u2019 adl\u0131 kitab\u0131nda Ahmed El Budeyri &hellip;<\/p>\n","protected":false},"author":1,"featured_media":210483,"comment_status":"closed","ping_status":"closed","sticky":false,"template":"","format":"standard","meta":{"footnotes":""},"categories":[516,479,511,17988,478],"tags":[],"class_list":["post-210482","post","type-post","status-publish","format-standard","has-post-thumbnail","","category-haberler-kultur-ve-sanat","category-haberler-yerel","category-kultur-ve-sanat","category-son-haberler","category-yerel"],"_links":{"self":[{"href":"https:\/\/archive.sana.sy\/tr\/index.php?rest_route=\/wp\/v2\/posts\/210482","targetHints":{"allow":["GET"]}}],"collection":[{"href":"https:\/\/archive.sana.sy\/tr\/index.php?rest_route=\/wp\/v2\/posts"}],"about":[{"href":"https:\/\/archive.sana.sy\/tr\/index.php?rest_route=\/wp\/v2\/types\/post"}],"author":[{"embeddable":true,"href":"https:\/\/archive.sana.sy\/tr\/index.php?rest_route=\/wp\/v2\/users\/1"}],"replies":[{"embeddable":true,"href":"https:\/\/archive.sana.sy\/tr\/index.php?rest_route=%2Fwp%2Fv2%2Fcomments&post=210482"}],"version-history":[{"count":0,"href":"https:\/\/archive.sana.sy\/tr\/index.php?rest_route=\/wp\/v2\/posts\/210482\/revisions"}],"wp:featuredmedia":[{"embeddable":true,"href":"https:\/\/archive.sana.sy\/tr\/index.php?rest_route=\/wp\/v2\/media\/210483"}],"wp:attachment":[{"href":"https:\/\/archive.sana.sy\/tr\/index.php?rest_route=%2Fwp%2Fv2%2Fmedia&parent=210482"}],"wp:term":[{"taxonomy":"category","embeddable":true,"href":"https:\/\/archive.sana.sy\/tr\/index.php?rest_route=%2Fwp%2Fv2%2Fcategories&post=210482"},{"taxonomy":"post_tag","embeddable":true,"href":"https:\/\/archive.sana.sy\/tr\/index.php?rest_route=%2Fwp%2Fv2%2Ftags&post=210482"}],"curies":[{"name":"wp","href":"https:\/\/api.w.org\/{rel}","templated":true}]}}