{"id":210494,"date":"2020-06-02T12:32:29","date_gmt":"2020-06-02T09:32:29","guid":{"rendered":"http:\/\/www.sana.sy\/tr\/?p=210494"},"modified":"2020-06-03T11:36:24","modified_gmt":"2020-06-03T08:36:24","slug":"turk-isgali-bugday-calmaya-devam-ederken-haseke-kirsalina-prefabrik-odalar-ve-yapi-malzemeleri-gecirdi","status":"publish","type":"post","link":"https:\/\/archive.sana.sy\/tr\/?p=210494","title":{"rendered":"T\u00fcrk \u0130\u015fgali Bu\u011fday \u00c7almaya Devam Ederken Haseke K\u0131rsal\u0131na Prefabrik Odalar ve Yap\u0131 Malzemeleri Ge\u00e7irdi"},"content":{"rendered":"<p>HASEKE \u2013 \u0130\u015fgalci T\u00fcrk g\u00fc\u00e7leri Suriye topraklar\u0131n\u0131n egemenli\u011fini ihlal etmeye devam ederek, Haseke k\u0131rsal\u0131n\u0131n kuzeyinde sahiplerinden bu\u011fday tarlalar\u0131n\u0131 \u00e7almaya devam eden paral\u0131 askerlerine paralel olarak Ebu Raseyn beldesi \u00e7evresindeki yasad\u0131\u015f\u0131 \u00fcslerine lojistik malzemeler ge\u00e7irdi.<\/p>\n<p>Yerel kaynaklar SANA muhabirine, i\u015fgalci T\u00fcrk kuvvetlerinin prefabrik odalar ve yap\u0131 malzemeleri y\u00fckl\u00fc birka\u00e7 uzun ara\u00e7 s\u0131n\u0131rdaki Sukkariye k\u00f6y\u00fcnden ge\u00e7irdi\u011fini ve g\u00fcneye Haseke k\u0131rsal\u0131n\u0131n kuzeyinde yer alan Ebu Raseyn beldesinin k\u0131rsal\u0131ndaki yasad\u0131\u015f\u0131 \u00fcslerine y\u00f6nlendi\u011fini belirtti.<\/p>\n<p>Kaynaklar ayr\u0131ca, i\u015fgalci T\u00fcrk g\u00fc\u00e7leri kiral\u0131klar\u0131n\u0131n, T\u00fcrk i\u015fgali taraf\u0131ndan yak\u0131n zamanda ahalinin bu\u011fday\u0131n\u0131 \u00e7almak i\u00e7in ge\u00e7irdi\u011fi bi\u00e7erd\u00f6verleri kullanarak, Ebu Raseyn B\u00f6lgesinde ahaliden bu\u011fday tarlalar\u0131n\u0131 bi\u00e7ip \u00e7almaya ba\u015flad\u0131\u011f\u0131na dikkat \u00e7ekti.<\/p>\n<p>\u00c7eviri: M.Y ve S.S<\/p>\n","protected":false},"excerpt":{"rendered":"<p>HASEKE \u2013 \u0130\u015fgalci T\u00fcrk g\u00fc\u00e7leri Suriye topraklar\u0131n\u0131n egemenli\u011fini ihlal etmeye devam ederek, Haseke k\u0131rsal\u0131n\u0131n kuzeyinde sahiplerinden bu\u011fday tarlalar\u0131n\u0131 \u00e7almaya devam eden paral\u0131 askerlerine paralel olarak Ebu Raseyn beldesi \u00e7evresindeki yasad\u0131\u015f\u0131 \u00fcslerine lojistik malzemeler ge\u00e7irdi. Yerel kaynaklar SANA muhabirine, i\u015fgalci T\u00fcrk kuvvetlerinin prefabrik odalar ve yap\u0131 malzemeleri y\u00fckl\u00fc birka\u00e7 uzun ara\u00e7 s\u0131n\u0131rdaki Sukkariye k\u00f6y\u00fcnden ge\u00e7irdi\u011fini ve &hellip;<\/p>\n","protected":false},"author":36,"featured_media":210495,"comment_status":"closed","ping_status":"closed","sticky":false,"template":"","format":"standard","meta":{"footnotes":""},"categories":[479,17988,2554,2555,478],"tags":[],"class_list":["post-210494","post","type-post","status-publish","format-standard","has-post-thumbnail","","category-haberler-yerel","category-son-haberler","category-suriye-ve-dunya","category-suriye-ve-turkiye","category-yerel"],"_links":{"self":[{"href":"https:\/\/archive.sana.sy\/tr\/index.php?rest_route=\/wp\/v2\/posts\/210494","targetHints":{"allow":["GET"]}}],"collection":[{"href":"https:\/\/archive.sana.sy\/tr\/index.php?rest_route=\/wp\/v2\/posts"}],"about":[{"href":"https:\/\/archive.sana.sy\/tr\/index.php?rest_route=\/wp\/v2\/types\/post"}],"author":[{"embeddable":true,"href":"https:\/\/archive.sana.sy\/tr\/index.php?rest_route=\/wp\/v2\/users\/36"}],"replies":[{"embeddable":true,"href":"https:\/\/archive.sana.sy\/tr\/index.php?rest_route=%2Fwp%2Fv2%2Fcomments&post=210494"}],"version-history":[{"count":0,"href":"https:\/\/archive.sana.sy\/tr\/index.php?rest_route=\/wp\/v2\/posts\/210494\/revisions"}],"wp:featuredmedia":[{"embeddable":true,"href":"https:\/\/archive.sana.sy\/tr\/index.php?rest_route=\/wp\/v2\/media\/210495"}],"wp:attachment":[{"href":"https:\/\/archive.sana.sy\/tr\/index.php?rest_route=%2Fwp%2Fv2%2Fmedia&parent=210494"}],"wp:term":[{"taxonomy":"category","embeddable":true,"href":"https:\/\/archive.sana.sy\/tr\/index.php?rest_route=%2Fwp%2Fv2%2Fcategories&post=210494"},{"taxonomy":"post_tag","embeddable":true,"href":"https:\/\/archive.sana.sy\/tr\/index.php?rest_route=%2Fwp%2Fv2%2Ftags&post=210494"}],"curies":[{"name":"wp","href":"https:\/\/api.w.org\/{rel}","templated":true}]}}