{"id":210555,"date":"2020-06-02T22:53:42","date_gmt":"2020-06-02T19:53:42","guid":{"rendered":"http:\/\/www.sana.sy\/tr\/?p=210555"},"modified":"2020-06-04T11:34:48","modified_gmt":"2020-06-04T08:34:48","slug":"lubnan-eski-disisleri-bakani-suriyeye-dayatilan-insani-olmayan-yaptirimlari-kinadi","status":"publish","type":"post","link":"https:\/\/archive.sana.sy\/tr\/?p=210555","title":{"rendered":"L\u00fcbnan Eski D\u0131\u015fi\u015fleri Bakan\u0131, Suriye\u2019ye Dayat\u0131lan \u0130nsani Olmayan Yapt\u0131r\u0131mlar\u0131 K\u0131nad\u0131"},"content":{"rendered":"<p>BEYRUT &#8211; L\u00fcbnan Eski D\u0131\u015fi\u015fleri Bakan\u0131 Dr. Adnan Manur, Bat\u0131n\u0131n Suriye\u2019ye dayatt\u0131\u011f\u0131 insani olmayan ambargoyu k\u0131nad\u0131. Uluslararas\u0131 toplumu, BM ve d\u00fcnya baz\u0131nda Serbest G\u00fc\u00e7ler\u2019i\u00a0 bu ambargonun kald\u0131r\u0131\u0131lmas\u0131 i\u00e7in \u00e7aba sarf etmeleri \u00e7a\u011fr\u0131s\u0131nda bulundu.<\/p>\n<p>SANA\u2019ya veri\u011fi deme\u00e7te Mansur, ABD\u2019nin kimi devlet ve serbest halklar hakk\u0131nda despot politikalar\u0131na tutunmas\u0131n\u0131n h\u00fcrriyet, adalet ve insan haklar\u0131n\u0131 paltalamak oldu\u011funu vurgulad\u0131.<\/p>\n<p>Mansur, korona vebas\u0131 ile \u015fiddetlenen ABD\u2019nin Suriye\u2019ye dayatt\u0131\u011f\u0131 zalim ambargonun sebebi \u00a0Suriye\u2019nin boyun e\u011fmeyi ve Amerikan\u0131n hizas\u0131na girmeyi reddetmesi oldu\u011funu belirtti.<\/p>\n<p>Mansur, Suriye\u2019nin ambargoya sabretme ve ona kar\u015f\u0131 koyma becerikli\u011fine dikkat \u00e7ekti.<\/p>\n","protected":false},"excerpt":{"rendered":"<p>BEYRUT &#8211; L\u00fcbnan Eski D\u0131\u015fi\u015fleri Bakan\u0131 Dr. Adnan Manur, Bat\u0131n\u0131n Suriye\u2019ye dayatt\u0131\u011f\u0131 insani olmayan ambargoyu k\u0131nad\u0131. Uluslararas\u0131 toplumu, BM ve d\u00fcnya baz\u0131nda Serbest G\u00fc\u00e7ler\u2019i\u00a0 bu ambargonun kald\u0131r\u0131\u0131lmas\u0131 i\u00e7in \u00e7aba sarf etmeleri \u00e7a\u011fr\u0131s\u0131nda bulundu. SANA\u2019ya veri\u011fi deme\u00e7te Mansur, ABD\u2019nin kimi devlet ve serbest halklar hakk\u0131nda despot politikalar\u0131na tutunmas\u0131n\u0131n h\u00fcrriyet, adalet ve insan haklar\u0131n\u0131 paltalamak oldu\u011funu vurgulad\u0131. &hellip;<\/p>\n","protected":false},"author":1,"featured_media":210556,"comment_status":"closed","ping_status":"closed","sticky":false,"template":"","format":"standard","meta":{"footnotes":""},"categories":[458,459,17988],"tags":[],"class_list":["post-210555","post","type-post","status-publish","format-standard","has-post-thumbnail","","category-dunya1","category-haberler-arap-uluslararasi-politika","category-son-haberler"],"_links":{"self":[{"href":"https:\/\/archive.sana.sy\/tr\/index.php?rest_route=\/wp\/v2\/posts\/210555","targetHints":{"allow":["GET"]}}],"collection":[{"href":"https:\/\/archive.sana.sy\/tr\/index.php?rest_route=\/wp\/v2\/posts"}],"about":[{"href":"https:\/\/archive.sana.sy\/tr\/index.php?rest_route=\/wp\/v2\/types\/post"}],"author":[{"embeddable":true,"href":"https:\/\/archive.sana.sy\/tr\/index.php?rest_route=\/wp\/v2\/users\/1"}],"replies":[{"embeddable":true,"href":"https:\/\/archive.sana.sy\/tr\/index.php?rest_route=%2Fwp%2Fv2%2Fcomments&post=210555"}],"version-history":[{"count":0,"href":"https:\/\/archive.sana.sy\/tr\/index.php?rest_route=\/wp\/v2\/posts\/210555\/revisions"}],"wp:featuredmedia":[{"embeddable":true,"href":"https:\/\/archive.sana.sy\/tr\/index.php?rest_route=\/wp\/v2\/media\/210556"}],"wp:attachment":[{"href":"https:\/\/archive.sana.sy\/tr\/index.php?rest_route=%2Fwp%2Fv2%2Fmedia&parent=210555"}],"wp:term":[{"taxonomy":"category","embeddable":true,"href":"https:\/\/archive.sana.sy\/tr\/index.php?rest_route=%2Fwp%2Fv2%2Fcategories&post=210555"},{"taxonomy":"post_tag","embeddable":true,"href":"https:\/\/archive.sana.sy\/tr\/index.php?rest_route=%2Fwp%2Fv2%2Ftags&post=210555"}],"curies":[{"name":"wp","href":"https:\/\/api.w.org\/{rel}","templated":true}]}}