{"id":210618,"date":"2020-06-03T17:57:02","date_gmt":"2020-06-03T14:57:02","guid":{"rendered":"http:\/\/www.sana.sy\/tr\/?p=210618"},"modified":"2020-06-04T12:22:38","modified_gmt":"2020-06-04T09:22:38","slug":"sam-universitesinde-yabanci-diller-yuksek-enstitusu-egitim-kurslarina-yeniden-basliyor","status":"publish","type":"post","link":"https:\/\/archive.sana.sy\/tr\/?p=210618","title":{"rendered":"\u015eam \u00dcniversitesinde Yabanc\u0131 Diller Y\u00fcksek Enstit\u00fcs\u00fc E\u011fitim Kurslar\u0131na Yeniden Ba\u015fl\u0131yor"},"content":{"rendered":"<p>\u015eAM \u2013 \u015eam \u00dcniversitesinde Yabanc\u0131 Diller Y\u00fcksek Enstit\u00fcs\u00fc, korona vir\u00fcs\u00fcne y\u00f6nelik tedbirleri nedeniyle 12-3-2020 tarihinde ask\u0131ya al\u0131nan dil e\u011fitim kurslar\u0131n\u0131n, Haziran ay\u0131n\u0131n 7. g\u00fcn\u00fcnden 30. g\u00fcn\u00fcne kadar yeniden ba\u015flayaca\u011f\u0131n\u0131 duyurdu.<\/p>\n<p>Enstit\u00fc yapt\u0131\u011f\u0131 duyuruda, derslerin pazardan per\u015fembeye hafta boyunca ve g\u00fcnde \u00fc\u00e7 periyotta uygulanaca\u011f\u0131n\u0131 belirtti.<\/p>\n<p>\u00c7eviri: M.Y ve S.S<\/p>\n","protected":false},"excerpt":{"rendered":"<p>\u015eAM \u2013 \u015eam \u00dcniversitesinde Yabanc\u0131 Diller Y\u00fcksek Enstit\u00fcs\u00fc, korona vir\u00fcs\u00fcne y\u00f6nelik tedbirleri nedeniyle 12-3-2020 tarihinde ask\u0131ya al\u0131nan dil e\u011fitim kurslar\u0131n\u0131n, Haziran ay\u0131n\u0131n 7. g\u00fcn\u00fcnden 30. g\u00fcn\u00fcne kadar yeniden ba\u015flayaca\u011f\u0131n\u0131 duyurdu. Enstit\u00fc yapt\u0131\u011f\u0131 duyuruda, derslerin pazardan per\u015fembeye hafta boyunca ve g\u00fcnde \u00fc\u00e7 periyotta uygulanaca\u011f\u0131n\u0131 belirtti. \u00c7eviri: M.Y ve S.S<\/p>\n","protected":false},"author":36,"featured_media":210620,"comment_status":"closed","ping_status":"closed","sticky":false,"template":"","format":"standard","meta":{"footnotes":""},"categories":[526,479,17988,525,478],"tags":[],"class_list":["post-210618","post","type-post","status-publish","format-standard","has-post-thumbnail","","category-haber-ve-raporlar","category-haberler-yerel","category-son-haberler","category-toplum","category-yerel"],"_links":{"self":[{"href":"https:\/\/archive.sana.sy\/tr\/index.php?rest_route=\/wp\/v2\/posts\/210618","targetHints":{"allow":["GET"]}}],"collection":[{"href":"https:\/\/archive.sana.sy\/tr\/index.php?rest_route=\/wp\/v2\/posts"}],"about":[{"href":"https:\/\/archive.sana.sy\/tr\/index.php?rest_route=\/wp\/v2\/types\/post"}],"author":[{"embeddable":true,"href":"https:\/\/archive.sana.sy\/tr\/index.php?rest_route=\/wp\/v2\/users\/36"}],"replies":[{"embeddable":true,"href":"https:\/\/archive.sana.sy\/tr\/index.php?rest_route=%2Fwp%2Fv2%2Fcomments&post=210618"}],"version-history":[{"count":0,"href":"https:\/\/archive.sana.sy\/tr\/index.php?rest_route=\/wp\/v2\/posts\/210618\/revisions"}],"wp:featuredmedia":[{"embeddable":true,"href":"https:\/\/archive.sana.sy\/tr\/index.php?rest_route=\/wp\/v2\/media\/210620"}],"wp:attachment":[{"href":"https:\/\/archive.sana.sy\/tr\/index.php?rest_route=%2Fwp%2Fv2%2Fmedia&parent=210618"}],"wp:term":[{"taxonomy":"category","embeddable":true,"href":"https:\/\/archive.sana.sy\/tr\/index.php?rest_route=%2Fwp%2Fv2%2Fcategories&post=210618"},{"taxonomy":"post_tag","embeddable":true,"href":"https:\/\/archive.sana.sy\/tr\/index.php?rest_route=%2Fwp%2Fv2%2Ftags&post=210618"}],"curies":[{"name":"wp","href":"https:\/\/api.w.org\/{rel}","templated":true}]}}