{"id":210797,"date":"2020-06-05T13:51:12","date_gmt":"2020-06-05T10:51:12","guid":{"rendered":"http:\/\/www.sana.sy\/tr\/?p=210797"},"modified":"2020-06-06T08:22:40","modified_gmt":"2020-06-06T05:22:40","slug":"210797","status":"publish","type":"post","link":"https:\/\/archive.sana.sy\/tr\/?p=210797","title":{"rendered":"DSG Uygulamalar\u0131na Kar\u015f\u0131 Protesto G\u00f6sterileri Yenilendi"},"content":{"rendered":"<p>HASEKE \u2013 \u015eeddadi Kenti ve k\u0131rsal\u0131nda bug\u00fcn i\u015fgalci Amerikan kuvvetler taraf\u0131ndan desteklenen \u201cDSG\u201d gruplar\u0131n\u0131n uyglad\u0131klar\u0131 zorbal\u0131klar\u0131na kar\u015f\u0131 protesto g\u00f6sterileri d\u00fcn 1 sivilin DSG\u2019li mermilerle \u00f6ld\u00fcr\u00fclmesinden sonra yenilendi.<\/p>\n<p>Yerel kaynaklar SANA muhabirine yapt\u0131klar\u0131 a\u00e7\u0131klamada; \u201ck\u00f6t\u00fc ya\u015fam ko\u015fullar\u0131, sivillere rasgele ate\u015f a\u00e7mas\u0131 gibi DSG gruplar\u0131n\u0131n b\u00f6lge halk\u0131na kar\u015f\u0131 uygulad\u0131klar\u0131 zorbal\u0131klar\u0131n\u0131 protesto etmeye soka\u011fa \u00e7\u0131kan \u015eeddadi Kenti ve g\u00fcney k\u0131rsal\u0131ndaki ahalilerin, kentindeki ana yollar\u0131n\u0131 lastik ve ta\u015flarla kestiklerini ve b\u00f6lgeden DSG gruplar\u0131n\u0131n \u00e7\u0131kmas\u0131n\u0131 talep ettiklerini belirtti.<\/p>\n<p>Kaynaklar, \u201cABD kuvvetleri taraf\u0131ndan desteklenen DSG gruplar\u0131n\u0131n olaylar\u0131 kontrol etmek ve g\u00f6stercilerin sokaklarda toplanmalar\u0131n\u0131 engellemek i\u00e7in b\u00f6gedeki t\u00fcm g\u00fc\u00e7leriyle harekete ge\u00e7tiklerini ekledi.<\/p>\n<p>\u00c7eviri: M.Y ve P.M<\/p>\n","protected":false},"excerpt":{"rendered":"<p>HASEKE \u2013 \u015eeddadi Kenti ve k\u0131rsal\u0131nda bug\u00fcn i\u015fgalci Amerikan kuvvetler taraf\u0131ndan desteklenen \u201cDSG\u201d gruplar\u0131n\u0131n uyglad\u0131klar\u0131 zorbal\u0131klar\u0131na kar\u015f\u0131 protesto g\u00f6sterileri d\u00fcn 1 sivilin DSG\u2019li mermilerle \u00f6ld\u00fcr\u00fclmesinden sonra yenilendi. Yerel kaynaklar SANA muhabirine yapt\u0131klar\u0131 a\u00e7\u0131klamada; \u201ck\u00f6t\u00fc ya\u015fam ko\u015fullar\u0131, sivillere rasgele ate\u015f a\u00e7mas\u0131 gibi DSG gruplar\u0131n\u0131n b\u00f6lge halk\u0131na kar\u015f\u0131 uygulad\u0131klar\u0131 zorbal\u0131klar\u0131n\u0131 protesto etmeye soka\u011fa \u00e7\u0131kan \u015eeddadi Kenti ve &hellip;<\/p>\n","protected":false},"author":36,"featured_media":210802,"comment_status":"closed","ping_status":"closed","sticky":false,"template":"","format":"standard","meta":{"footnotes":""},"categories":[479,575,17988,478],"tags":[],"class_list":["post-210797","post","type-post","status-publish","format-standard","has-post-thumbnail","","category-haberler-yerel","category-olaylar-ve-gercekler","category-son-haberler","category-yerel"],"_links":{"self":[{"href":"https:\/\/archive.sana.sy\/tr\/index.php?rest_route=\/wp\/v2\/posts\/210797","targetHints":{"allow":["GET"]}}],"collection":[{"href":"https:\/\/archive.sana.sy\/tr\/index.php?rest_route=\/wp\/v2\/posts"}],"about":[{"href":"https:\/\/archive.sana.sy\/tr\/index.php?rest_route=\/wp\/v2\/types\/post"}],"author":[{"embeddable":true,"href":"https:\/\/archive.sana.sy\/tr\/index.php?rest_route=\/wp\/v2\/users\/36"}],"replies":[{"embeddable":true,"href":"https:\/\/archive.sana.sy\/tr\/index.php?rest_route=%2Fwp%2Fv2%2Fcomments&post=210797"}],"version-history":[{"count":0,"href":"https:\/\/archive.sana.sy\/tr\/index.php?rest_route=\/wp\/v2\/posts\/210797\/revisions"}],"wp:featuredmedia":[{"embeddable":true,"href":"https:\/\/archive.sana.sy\/tr\/index.php?rest_route=\/wp\/v2\/media\/210802"}],"wp:attachment":[{"href":"https:\/\/archive.sana.sy\/tr\/index.php?rest_route=%2Fwp%2Fv2%2Fmedia&parent=210797"}],"wp:term":[{"taxonomy":"category","embeddable":true,"href":"https:\/\/archive.sana.sy\/tr\/index.php?rest_route=%2Fwp%2Fv2%2Fcategories&post=210797"},{"taxonomy":"post_tag","embeddable":true,"href":"https:\/\/archive.sana.sy\/tr\/index.php?rest_route=%2Fwp%2Fv2%2Ftags&post=210797"}],"curies":[{"name":"wp","href":"https:\/\/api.w.org\/{rel}","templated":true}]}}