{"id":210822,"date":"2020-06-05T21:40:05","date_gmt":"2020-06-05T18:40:05","guid":{"rendered":"http:\/\/www.sana.sy\/tr\/?p=210822"},"modified":"2020-06-05T21:40:05","modified_gmt":"2020-06-05T18:40:05","slug":"yerel-kaynaklardan-naklen-sana-muhabiri-turk-isgal-gucleri-ve-ona-tabi-parali-teroristlerin-isgal-ettigi-hasekenin-kuzeybati-kirsalina-dusen-rasuleyn-kentinde-yasanan-bomba-tuzakli-araci-inf","status":"publish","type":"post","link":"https:\/\/archive.sana.sy\/tr\/?p=210822","title":{"rendered":"Yerel Kaynaklardan Naklen SANA Muhabiri, T\u00fcrk i\u015fgal g\u00fc\u00e7leri ve ona tabi paral\u0131 ter\u00f6ristlerin i\u015fgal etti\u011fi Haseke\u2019nin Kuzeybat\u0131 k\u0131rsal\u0131na d\u00fc\u015fen Rasuleyn kentinde ya\u015fanan bomba tuzakl\u0131 arac\u0131 infilak etmesiyle bir\u00e7ok sivilin \u00f6l\u00fc ve yaral\u0131 d\u00fc\u015ft\u00fc\u011f\u00fcn\u00fc aktard\u0131."},"content":{"rendered":"<p>Yerel Kaynaklardan Naklen SANA Muhabiri, T\u00fcrk i\u015fgal g\u00fc\u00e7leri ve ona tabi paral\u0131 ter\u00f6ristlerin i\u015fgal etti\u011fi Haseke\u2019nin Kuzeybat\u0131 k\u0131rsal\u0131na d\u00fc\u015fen Rasuleyn kentinde ya\u015fanan bomba tuzakl\u0131 arac\u0131 infilak etmesiyle bir\u00e7ok sivilin \u00f6l\u00fc ve yaral\u0131 d\u00fc\u015ft\u00fc\u011f\u00fcn\u00fc aktard\u0131.<\/p>\n","protected":false},"excerpt":{"rendered":"<p>Yerel Kaynaklardan Naklen SANA Muhabiri, T\u00fcrk i\u015fgal g\u00fc\u00e7leri ve ona tabi paral\u0131 ter\u00f6ristlerin i\u015fgal etti\u011fi Haseke\u2019nin Kuzeybat\u0131 k\u0131rsal\u0131na d\u00fc\u015fen Rasuleyn kentinde ya\u015fanan bomba tuzakl\u0131 arac\u0131 infilak etmesiyle bir\u00e7ok sivilin \u00f6l\u00fc ve yaral\u0131 d\u00fc\u015ft\u00fc\u011f\u00fcn\u00fc aktard\u0131.<\/p>\n","protected":false},"author":1,"featured_media":0,"comment_status":"closed","ping_status":"closed","sticky":false,"template":"","format":"standard","meta":{"footnotes":""},"categories":[17991],"tags":[],"class_list":["post-210822","post","type-post","status-publish","format-standard","","category-son-dakika"],"_links":{"self":[{"href":"https:\/\/archive.sana.sy\/tr\/index.php?rest_route=\/wp\/v2\/posts\/210822","targetHints":{"allow":["GET"]}}],"collection":[{"href":"https:\/\/archive.sana.sy\/tr\/index.php?rest_route=\/wp\/v2\/posts"}],"about":[{"href":"https:\/\/archive.sana.sy\/tr\/index.php?rest_route=\/wp\/v2\/types\/post"}],"author":[{"embeddable":true,"href":"https:\/\/archive.sana.sy\/tr\/index.php?rest_route=\/wp\/v2\/users\/1"}],"replies":[{"embeddable":true,"href":"https:\/\/archive.sana.sy\/tr\/index.php?rest_route=%2Fwp%2Fv2%2Fcomments&post=210822"}],"version-history":[{"count":0,"href":"https:\/\/archive.sana.sy\/tr\/index.php?rest_route=\/wp\/v2\/posts\/210822\/revisions"}],"wp:attachment":[{"href":"https:\/\/archive.sana.sy\/tr\/index.php?rest_route=%2Fwp%2Fv2%2Fmedia&parent=210822"}],"wp:term":[{"taxonomy":"category","embeddable":true,"href":"https:\/\/archive.sana.sy\/tr\/index.php?rest_route=%2Fwp%2Fv2%2Fcategories&post=210822"},{"taxonomy":"post_tag","embeddable":true,"href":"https:\/\/archive.sana.sy\/tr\/index.php?rest_route=%2Fwp%2Fv2%2Ftags&post=210822"}],"curies":[{"name":"wp","href":"https:\/\/api.w.org\/{rel}","templated":true}]}}