{"id":210825,"date":"2020-06-05T22:00:30","date_gmt":"2020-06-05T19:00:30","guid":{"rendered":"http:\/\/www.sana.sy\/tr\/?p=210825"},"modified":"2020-06-06T14:28:37","modified_gmt":"2020-06-06T11:28:37","slug":"rasuleyn-kentinde-bir-aracin-patlamasiyla-2-cocuk-sehit-3-sivil-de-yarali-oldu","status":"publish","type":"post","link":"https:\/\/archive.sana.sy\/tr\/?p=210825","title":{"rendered":"Rasuleyn kentinde Bir Arac\u0131n Patlamas\u0131yla 2 \u00c7ocuk \u015eehit 3 Sivil De Yaral\u0131 Oldu"},"content":{"rendered":"<p>HASEKE \u2013 Haseke\u2019nin Kuzeybat\u0131 k\u0131rsal\u0131na d\u00fc\u015fen Rasuleyn kentinde bir bomba tuzakl\u0131 arac\u0131 infilak etmesiyle 2 \u00c7ocuk \u015eehit 3 Sivil De Yaral\u0131 Oldu.<\/p>\n<p>Yerel Kaynaklardan Naklen SANA Muhabiri, T\u00fcrk i\u015fgal g\u00fc\u00e7leri ve ona tabi paral\u0131 ter\u00f6ristlerin i\u015fgal etti\u011fi Haseke\u2019nin Kuzeybat\u0131 k\u0131rsal\u0131na d\u00fc\u015fen Rasuleyn kentinde bomba tuzakl\u0131 bir taksinin devlet hastanesinin yan\u0131nda infilak etti\u011fini aktard\u0131.<\/p>\n<p>Muhabir, patlaman\u0131n sonucunda 2 \u00c7ocu\u011fun \u015eehit 3 Sivilin yaral\u0131 oldu\u011fu ve a\u011f\u0131r maddi hasarlar\u0131n da olu\u015ftu\u011funu ifade etti.<\/p>\n<p>kumyt yusuf<\/p>\n","protected":false},"excerpt":{"rendered":"<p>HASEKE \u2013 Haseke\u2019nin Kuzeybat\u0131 k\u0131rsal\u0131na d\u00fc\u015fen Rasuleyn kentinde bir bomba tuzakl\u0131 arac\u0131 infilak etmesiyle 2 \u00c7ocuk \u015eehit 3 Sivil De Yaral\u0131 Oldu. Yerel Kaynaklardan Naklen SANA Muhabiri, T\u00fcrk i\u015fgal g\u00fc\u00e7leri ve ona tabi paral\u0131 ter\u00f6ristlerin i\u015fgal etti\u011fi Haseke\u2019nin Kuzeybat\u0131 k\u0131rsal\u0131na d\u00fc\u015fen Rasuleyn kentinde bomba tuzakl\u0131 bir taksinin devlet hastanesinin yan\u0131nda infilak etti\u011fini aktard\u0131. Muhabir, patlaman\u0131n &hellip;<\/p>\n","protected":false},"author":1,"featured_media":210826,"comment_status":"closed","ping_status":"closed","sticky":false,"template":"","format":"standard","meta":{"footnotes":""},"categories":[479,575,17988,2554,2555,478],"tags":[],"class_list":["post-210825","post","type-post","status-publish","format-standard","has-post-thumbnail","","category-haberler-yerel","category-olaylar-ve-gercekler","category-son-haberler","category-suriye-ve-dunya","category-suriye-ve-turkiye","category-yerel"],"_links":{"self":[{"href":"https:\/\/archive.sana.sy\/tr\/index.php?rest_route=\/wp\/v2\/posts\/210825","targetHints":{"allow":["GET"]}}],"collection":[{"href":"https:\/\/archive.sana.sy\/tr\/index.php?rest_route=\/wp\/v2\/posts"}],"about":[{"href":"https:\/\/archive.sana.sy\/tr\/index.php?rest_route=\/wp\/v2\/types\/post"}],"author":[{"embeddable":true,"href":"https:\/\/archive.sana.sy\/tr\/index.php?rest_route=\/wp\/v2\/users\/1"}],"replies":[{"embeddable":true,"href":"https:\/\/archive.sana.sy\/tr\/index.php?rest_route=%2Fwp%2Fv2%2Fcomments&post=210825"}],"version-history":[{"count":0,"href":"https:\/\/archive.sana.sy\/tr\/index.php?rest_route=\/wp\/v2\/posts\/210825\/revisions"}],"wp:featuredmedia":[{"embeddable":true,"href":"https:\/\/archive.sana.sy\/tr\/index.php?rest_route=\/wp\/v2\/media\/210826"}],"wp:attachment":[{"href":"https:\/\/archive.sana.sy\/tr\/index.php?rest_route=%2Fwp%2Fv2%2Fmedia&parent=210825"}],"wp:term":[{"taxonomy":"category","embeddable":true,"href":"https:\/\/archive.sana.sy\/tr\/index.php?rest_route=%2Fwp%2Fv2%2Fcategories&post=210825"},{"taxonomy":"post_tag","embeddable":true,"href":"https:\/\/archive.sana.sy\/tr\/index.php?rest_route=%2Fwp%2Fv2%2Ftags&post=210825"}],"curies":[{"name":"wp","href":"https:\/\/api.w.org\/{rel}","templated":true}]}}