{"id":210830,"date":"2020-06-05T22:40:02","date_gmt":"2020-06-05T19:40:02","guid":{"rendered":"http:\/\/www.sana.sy\/tr\/?p=210830"},"modified":"2020-06-06T14:30:03","modified_gmt":"2020-06-06T11:30:03","slug":"abd-isgal-gucleri-ve-dsg-deyrezzor-kuzeyi-bseyra-kirsalinda-bir-sayida-sivili-kacirdi","status":"publish","type":"post","link":"https:\/\/archive.sana.sy\/tr\/?p=210830","title":{"rendered":"ABD \u0130\u015fgal G\u00fc\u00e7leri ve DSG, Deyrezzor Kuzeyi Bseyra K\u0131rsal\u0131nda Bir Say\u0131da Sivili Ka\u00e7\u0131rd\u0131"},"content":{"rendered":"<p>DEYREZZOR &#8211;\u00a0 Ahaliye y\u00f6nelik korkutmak ve daraltmak siyasetinde mubala\u011fa ederek DSG silahl\u0131 gruplar\u0131 deste\u011fiyle ABD i\u015fgal g\u00fc\u00e7leri, Dyrezzor\u2019un kuzey k\u0131rsal\u0131n\u0131n El Sur k\u00f6y\u00fc ile El Bsayra kasabas\u0131 aras\u0131na d\u00fc\u015fen b\u00f6lgeyi ku\u015fat\u0131p bir\u00e7ok sivili tutuklad\u0131.<\/p>\n<p>Yerel Kaynaklar SANA Muhabirine, ABD i\u015fgal g\u00fc\u00e7leri ile DSG silahl\u0131 gruplar\u0131n\u0131n s\u00f6zkonusu b\u00f6lgeyi ku\u015fat\u0131p sivillerin evlerini bas\u0131p arama ve tutuklama operasyonlar\u0131 d\u00fczenlediklerini ifade ettiler.<\/p>\n<p>Kaynaklar, ABD ve DSG silahl\u0131 gruplar\u0131n\u0131n arama operasyonunun bitmesine de\u011fin ahalilerin giri\u015f ve \u00e7\u0131k\u0131\u015flar\u0131n\u0131n silah zoruyla \u00f6nlediklerini belirtti.<\/p>\n<p>Kumeyt Yusuf<\/p>\n","protected":false},"excerpt":{"rendered":"<p>DEYREZZOR &#8211;\u00a0 Ahaliye y\u00f6nelik korkutmak ve daraltmak siyasetinde mubala\u011fa ederek DSG silahl\u0131 gruplar\u0131 deste\u011fiyle ABD i\u015fgal g\u00fc\u00e7leri, Dyrezzor\u2019un kuzey k\u0131rsal\u0131n\u0131n El Sur k\u00f6y\u00fc ile El Bsayra kasabas\u0131 aras\u0131na d\u00fc\u015fen b\u00f6lgeyi ku\u015fat\u0131p bir\u00e7ok sivili tutuklad\u0131. Yerel Kaynaklar SANA Muhabirine, ABD i\u015fgal g\u00fc\u00e7leri ile DSG silahl\u0131 gruplar\u0131n\u0131n s\u00f6zkonusu b\u00f6lgeyi ku\u015fat\u0131p sivillerin evlerini bas\u0131p arama ve tutuklama operasyonlar\u0131 &hellip;<\/p>\n","protected":false},"author":1,"featured_media":0,"comment_status":"closed","ping_status":"closed","sticky":false,"template":"","format":"standard","meta":{"footnotes":""},"categories":[479,575,17988,478],"tags":[],"class_list":["post-210830","post","type-post","status-publish","format-standard","","category-haberler-yerel","category-olaylar-ve-gercekler","category-son-haberler","category-yerel"],"_links":{"self":[{"href":"https:\/\/archive.sana.sy\/tr\/index.php?rest_route=\/wp\/v2\/posts\/210830","targetHints":{"allow":["GET"]}}],"collection":[{"href":"https:\/\/archive.sana.sy\/tr\/index.php?rest_route=\/wp\/v2\/posts"}],"about":[{"href":"https:\/\/archive.sana.sy\/tr\/index.php?rest_route=\/wp\/v2\/types\/post"}],"author":[{"embeddable":true,"href":"https:\/\/archive.sana.sy\/tr\/index.php?rest_route=\/wp\/v2\/users\/1"}],"replies":[{"embeddable":true,"href":"https:\/\/archive.sana.sy\/tr\/index.php?rest_route=%2Fwp%2Fv2%2Fcomments&post=210830"}],"version-history":[{"count":0,"href":"https:\/\/archive.sana.sy\/tr\/index.php?rest_route=\/wp\/v2\/posts\/210830\/revisions"}],"wp:attachment":[{"href":"https:\/\/archive.sana.sy\/tr\/index.php?rest_route=%2Fwp%2Fv2%2Fmedia&parent=210830"}],"wp:term":[{"taxonomy":"category","embeddable":true,"href":"https:\/\/archive.sana.sy\/tr\/index.php?rest_route=%2Fwp%2Fv2%2Fcategories&post=210830"},{"taxonomy":"post_tag","embeddable":true,"href":"https:\/\/archive.sana.sy\/tr\/index.php?rest_route=%2Fwp%2Fv2%2Ftags&post=210830"}],"curies":[{"name":"wp","href":"https:\/\/api.w.org\/{rel}","templated":true}]}}