{"id":210834,"date":"2020-06-05T23:13:50","date_gmt":"2020-06-05T20:13:50","guid":{"rendered":"http:\/\/www.sana.sy\/tr\/?p=210834"},"modified":"2020-06-06T14:30:12","modified_gmt":"2020-06-06T11:30:12","slug":"rusya-yuksek-mahkemesi-htsyi-teror-listesine-aldi","status":"publish","type":"post","link":"https:\/\/archive.sana.sy\/tr\/?p=210834","title":{"rendered":"Rusya Y\u00fcksek Mahkemesi, HT\u015e\u2019yi Ter\u00f6r Listesine Ald\u0131"},"content":{"rendered":"<p>MOSKOVA &#8211; Rusya Y\u00fcksek Mahkemesi, Heyet Tahrir \u015eam HT\u015e\u2019yi ter\u00f6r listesine ald\u0131\u011f\u0131n\u0131 duyurdu. \u00dclkede daha \u00f6nce yasaklanan El Nusra Ter\u00f6r \u00d6rg\u00fct\u00fcne dolay\u0131s\u0131z \u015fekilde ba\u011flant\u0131l\u0131 oldu\u011funu da vurgulad\u0131.<\/p>\n<p>Gazetecilere verdi\u011fi beyanda Rus Genel Savc\u0131l\u0131\u011f\u0131, Mahkemenin kapal\u0131 bir oturumunda, Rus Genel Savc\u0131s\u0131\u2019n\u0131n 4 haziran tarihli dilek\u00e7esi ile ilgili \u00f6zel idari dosyaya tetkik edildi\u011fi ve dilek\u00e7enin b\u00fct\u00fcn ayr\u0131nt\u0131lar\u0131yla kabul edildi\u011fini a\u00e7\u0131klad\u0131.<\/p>\n<p>Beyanda, s\u00f6zkonusu \u00f6rg\u00fct\u00fcn propagandas\u0131 ve di\u011fer aktivitelerinin Federal Rusya\u2019n\u0131n ulusal \u00e7\u0131karlar\u0131na bir tehdit olu\u015fturdu\u011funu vurgulad\u0131.<\/p>\n<p>Beyana g\u00f6re, Rus Genel Savc\u0131 \u0130gor Krasnov daha \u00f6nce Y\u00fcksek Mahkeme\u2019ye HT\u015e\u2019nin bir ter\u00f6r \u00f6rg\u00fct\u00fc say\u0131lmas\u0131 ve aktivitelerinin Rus topraklar\u0131 \u00fczerinde yasaklamas\u0131n\u0131 isteyen bir iddiada bulunmu\u015ftu.<\/p>\n<p>kumyt yusuf<\/p>\n","protected":false},"excerpt":{"rendered":"<p>MOSKOVA &#8211; Rusya Y\u00fcksek Mahkemesi, Heyet Tahrir \u015eam HT\u015e\u2019yi ter\u00f6r listesine ald\u0131\u011f\u0131n\u0131 duyurdu. \u00dclkede daha \u00f6nce yasaklanan El Nusra Ter\u00f6r \u00d6rg\u00fct\u00fcne dolay\u0131s\u0131z \u015fekilde ba\u011flant\u0131l\u0131 oldu\u011funu da vurgulad\u0131. Gazetecilere verdi\u011fi beyanda Rus Genel Savc\u0131l\u0131\u011f\u0131, Mahkemenin kapal\u0131 bir oturumunda, Rus Genel Savc\u0131s\u0131\u2019n\u0131n 4 haziran tarihli dilek\u00e7esi ile ilgili \u00f6zel idari dosyaya tetkik edildi\u011fi ve dilek\u00e7enin b\u00fct\u00fcn ayr\u0131nt\u0131lar\u0131yla &hellip;<\/p>\n","protected":false},"author":1,"featured_media":210835,"comment_status":"closed","ping_status":"closed","sticky":false,"template":"","format":"standard","meta":{"footnotes":""},"categories":[458,459,17988],"tags":[],"class_list":["post-210834","post","type-post","status-publish","format-standard","has-post-thumbnail","","category-dunya1","category-haberler-arap-uluslararasi-politika","category-son-haberler"],"_links":{"self":[{"href":"https:\/\/archive.sana.sy\/tr\/index.php?rest_route=\/wp\/v2\/posts\/210834","targetHints":{"allow":["GET"]}}],"collection":[{"href":"https:\/\/archive.sana.sy\/tr\/index.php?rest_route=\/wp\/v2\/posts"}],"about":[{"href":"https:\/\/archive.sana.sy\/tr\/index.php?rest_route=\/wp\/v2\/types\/post"}],"author":[{"embeddable":true,"href":"https:\/\/archive.sana.sy\/tr\/index.php?rest_route=\/wp\/v2\/users\/1"}],"replies":[{"embeddable":true,"href":"https:\/\/archive.sana.sy\/tr\/index.php?rest_route=%2Fwp%2Fv2%2Fcomments&post=210834"}],"version-history":[{"count":0,"href":"https:\/\/archive.sana.sy\/tr\/index.php?rest_route=\/wp\/v2\/posts\/210834\/revisions"}],"wp:featuredmedia":[{"embeddable":true,"href":"https:\/\/archive.sana.sy\/tr\/index.php?rest_route=\/wp\/v2\/media\/210835"}],"wp:attachment":[{"href":"https:\/\/archive.sana.sy\/tr\/index.php?rest_route=%2Fwp%2Fv2%2Fmedia&parent=210834"}],"wp:term":[{"taxonomy":"category","embeddable":true,"href":"https:\/\/archive.sana.sy\/tr\/index.php?rest_route=%2Fwp%2Fv2%2Fcategories&post=210834"},{"taxonomy":"post_tag","embeddable":true,"href":"https:\/\/archive.sana.sy\/tr\/index.php?rest_route=%2Fwp%2Fv2%2Ftags&post=210834"}],"curies":[{"name":"wp","href":"https:\/\/api.w.org\/{rel}","templated":true}]}}