{"id":21099,"date":"2015-01-18T22:34:14","date_gmt":"2015-01-18T20:34:14","guid":{"rendered":"http:\/\/www.sana.sy\/tr\/?p=21099"},"modified":"2015-01-19T20:52:28","modified_gmt":"2015-01-19T18:52:28","slug":"ordu-birliklerimize-iltica-eden-2112-vatandas-tahliye-edildi","status":"publish","type":"post","link":"https:\/\/archive.sana.sy\/tr\/?p=21099","title":{"rendered":"Ordu Birliklerimize \u0130ltica Eden 2112 Vatanda\u015f Tahliye Edildi"},"content":{"rendered":"<p>\u015eAM KIRSALI \u2013 Ordu birliklerimiz \u015eam K\u0131rsal\u0131 Do\u011fu Guta\u2019n\u0131n muhtelif b\u00f6lgelerinde tekfiri \u00f6rg\u00fctlerin ter\u00f6r\u00fcnden ka\u00e7arak kendilerine iltica eden 2112 vatanda\u015f\u0131n tahliyesini temin etti.<\/p>\n<p>Askeri bir kaynak SANA\u2019ya a\u00e7\u0131klamas\u0131nda ordu birliklerimizin Do\u011fu \u011euta\u2019n\u0131n muhtelif b\u00f6lgelerinde kendilerine sald\u0131r\u0131p silah zoruyla dayatmalarda bulunan, mallar\u0131n\u0131 ve m\u00fclklerini gasp eden sivil vatanda\u015flar\u0131n ter\u00f6r \u00e7etelerinden kurtar\u0131lmalar\u0131 ve g\u00fcvenli b\u00f6lgelere tahliyeleri i\u00e7in d\u00f6rd\u00fcnc\u00fc g\u00fcn\u00fcnde \u00e7al\u0131\u015fmalar\u0131n\u0131 s\u00fcrd\u00fcrd\u00fcklerini s\u00f6yledi. Kaynak tahliye edilenler aras\u0131nda ter\u00f6r \u00f6rg\u00fctlerindeki vah\u015fet ve ter\u00f6r\u00fc bizzat kendi g\u00f6zleriyle g\u00f6rmeleri ard\u0131ndan teslim olmak isteyen y\u00fcksek say\u0131da vatanda\u015flar\u0131n bulundu\u011funu kaydetti.<\/p>\n<p>Teslim olan 2112 vatanda\u015f\u0131n aras\u0131nda 1094 \u00e7ocuk, 639 kad\u0131n ve 350 silahl\u0131n\u0131n bulundu\u011funu belirten kaynak, onlara g\u0131da ve t\u0131bbi yard\u0131mlar takdim edilmesi ard\u0131ndan ge\u00e7ici olarak ikamet edecekleri g\u00fcvenli b\u00f6lgelere ta\u015f\u0131nd\u0131klar\u0131n\u0131 aktard\u0131.<\/p>\n<p>Askeri kaynak s\u00f6z konusu vatanda\u015flar\u0131n Do\u011fu \u011euta\u2019n\u0131n Duma, Cobar, \u015eifoniye, Meydea, Hav\u015f el Fara, Hav\u015f el Davahira ve Hav\u015f el Nara beldelerindeki ter\u00f6ristlerden ka\u00e7arak askeri noktalara s\u0131\u011f\u0131nd\u0131klar\u0131n\u0131 belirtti.<\/p>\n<p><a href=\"http:\/\/www.youtube.com\/watch?v=RafuRHpATIg\">http:\/\/www.youtube.com\/watch?v=RafuRHpATIg<\/a><\/p>\n<div id='gallery-1' class='gallery galleryid-21099 gallery-columns-3 gallery-size-thumbnail'><figure class='gallery-item'>\n\t\t\t<div class='gallery-icon landscape'>\n\t\t\t\t<a href='https:\/\/archive.sana.sy\/tr\/wp-content\/uploads\/2015\/01\/Dumadan-Vatanda\u015flar-16.jpg'><img loading=\"lazy\" decoding=\"async\" width=\"150\" height=\"98\" src=\"https:\/\/archive.sana.sy\/tr\/wp-content\/uploads\/2015\/01\/Dumadan-Vatanda\u015flar-16-150x98.jpg\" class=\"attachment-thumbnail size-thumbnail\" alt=\"\" srcset=\"https:\/\/archive.sana.sy\/tr\/wp-content\/uploads\/2015\/01\/Dumadan-Vatanda\u015flar-16-150x98.jpg 150w, https:\/\/archive.sana.sy\/tr\/wp-content\/uploads\/2015\/01\/Dumadan-Vatanda\u015flar-16-300x195.jpg 300w, https:\/\/archive.sana.sy\/tr\/wp-content\/uploads\/2015\/01\/Dumadan-Vatanda\u015flar-16-1024x667.jpg 1024w\" sizes=\"auto, (max-width: 150px) 100vw, 150px\" \/><\/a>\n\t\t\t<\/div><\/figure><figure class='gallery-item'>\n\t\t\t<div class='gallery-icon landscape'>\n\t\t\t\t<a href='https:\/\/archive.sana.sy\/tr\/wp-content\/uploads\/2015\/01\/Dumadan-Vatanda\u015flar-15.jpg'><img loading=\"lazy\" decoding=\"async\" width=\"150\" height=\"105\" src=\"https:\/\/archive.sana.sy\/tr\/wp-content\/uploads\/2015\/01\/Dumadan-Vatanda\u015flar-15-150x105.jpg\" class=\"attachment-thumbnail size-thumbnail\" alt=\"\" srcset=\"https:\/\/archive.sana.sy\/tr\/wp-content\/uploads\/2015\/01\/Dumadan-Vatanda\u015flar-15-150x105.jpg 150w, https:\/\/archive.sana.sy\/tr\/wp-content\/uploads\/2015\/01\/Dumadan-Vatanda\u015flar-15-300x211.jpg 300w, https:\/\/archive.sana.sy\/tr\/wp-content\/uploads\/2015\/01\/Dumadan-Vatanda\u015flar-15-1024x719.jpg 1024w\" sizes=\"auto, (max-width: 150px) 100vw, 150px\" \/><\/a>\n\t\t\t<\/div><\/figure><figure class='gallery-item'>\n\t\t\t<div class='gallery-icon landscape'>\n\t\t\t\t<a href='https:\/\/archive.sana.sy\/tr\/wp-content\/uploads\/2015\/01\/Dumadan-Vatanda\u015flar-14.jpg'><img loading=\"lazy\" decoding=\"async\" width=\"150\" height=\"91\" src=\"https:\/\/archive.sana.sy\/tr\/wp-content\/uploads\/2015\/01\/Dumadan-Vatanda\u015flar-14-150x91.jpg\" class=\"attachment-thumbnail size-thumbnail\" alt=\"\" srcset=\"https:\/\/archive.sana.sy\/tr\/wp-content\/uploads\/2015\/01\/Dumadan-Vatanda\u015flar-14-150x91.jpg 150w, https:\/\/archive.sana.sy\/tr\/wp-content\/uploads\/2015\/01\/Dumadan-Vatanda\u015flar-14-300x183.jpg 300w, https:\/\/archive.sana.sy\/tr\/wp-content\/uploads\/2015\/01\/Dumadan-Vatanda\u015flar-14-1024x624.jpg 1024w\" sizes=\"auto, (max-width: 150px) 100vw, 150px\" \/><\/a>\n\t\t\t<\/div><\/figure><figure class='gallery-item'>\n\t\t\t<div class='gallery-icon landscape'>\n\t\t\t\t<a href='https:\/\/archive.sana.sy\/tr\/wp-content\/uploads\/2015\/01\/Dumadan-Vatanda\u015flar-13.jpg'><img loading=\"lazy\" decoding=\"async\" width=\"150\" height=\"90\" src=\"https:\/\/archive.sana.sy\/tr\/wp-content\/uploads\/2015\/01\/Dumadan-Vatanda\u015flar-13-150x90.jpg\" class=\"attachment-thumbnail size-thumbnail\" alt=\"\" srcset=\"https:\/\/archive.sana.sy\/tr\/wp-content\/uploads\/2015\/01\/Dumadan-Vatanda\u015flar-13-150x90.jpg 150w, https:\/\/archive.sana.sy\/tr\/wp-content\/uploads\/2015\/01\/Dumadan-Vatanda\u015flar-13-300x180.jpg 300w, https:\/\/archive.sana.sy\/tr\/wp-content\/uploads\/2015\/01\/Dumadan-Vatanda\u015flar-13-1024x614.jpg 1024w\" sizes=\"auto, (max-width: 150px) 100vw, 150px\" \/><\/a>\n\t\t\t<\/div><\/figure><figure class='gallery-item'>\n\t\t\t<div class='gallery-icon landscape'>\n\t\t\t\t<a href='https:\/\/archive.sana.sy\/tr\/wp-content\/uploads\/2015\/01\/Dumadan-Vatanda\u015flar-12.jpg'><img loading=\"lazy\" decoding=\"async\" width=\"150\" height=\"100\" src=\"https:\/\/archive.sana.sy\/tr\/wp-content\/uploads\/2015\/01\/Dumadan-Vatanda\u015flar-12-150x100.jpg\" class=\"attachment-thumbnail size-thumbnail\" alt=\"\" srcset=\"https:\/\/archive.sana.sy\/tr\/wp-content\/uploads\/2015\/01\/Dumadan-Vatanda\u015flar-12-150x100.jpg 150w, https:\/\/archive.sana.sy\/tr\/wp-content\/uploads\/2015\/01\/Dumadan-Vatanda\u015flar-12-300x200.jpg 300w, https:\/\/archive.sana.sy\/tr\/wp-content\/uploads\/2015\/01\/Dumadan-Vatanda\u015flar-12-1024x681.jpg 1024w\" sizes=\"auto, (max-width: 150px) 100vw, 150px\" \/><\/a>\n\t\t\t<\/div><\/figure><figure class='gallery-item'>\n\t\t\t<div class='gallery-icon landscape'>\n\t\t\t\t<a href='https:\/\/archive.sana.sy\/tr\/wp-content\/uploads\/2015\/01\/Dumadan-Vatanda\u015flar-11.jpg'><img loading=\"lazy\" decoding=\"async\" width=\"150\" height=\"90\" src=\"https:\/\/archive.sana.sy\/tr\/wp-content\/uploads\/2015\/01\/Dumadan-Vatanda\u015flar-11-150x90.jpg\" class=\"attachment-thumbnail size-thumbnail\" alt=\"\" srcset=\"https:\/\/archive.sana.sy\/tr\/wp-content\/uploads\/2015\/01\/Dumadan-Vatanda\u015flar-11-150x90.jpg 150w, https:\/\/archive.sana.sy\/tr\/wp-content\/uploads\/2015\/01\/Dumadan-Vatanda\u015flar-11-300x181.jpg 300w, https:\/\/archive.sana.sy\/tr\/wp-content\/uploads\/2015\/01\/Dumadan-Vatanda\u015flar-11-1024x617.jpg 1024w\" sizes=\"auto, (max-width: 150px) 100vw, 150px\" \/><\/a>\n\t\t\t<\/div><\/figure><figure class='gallery-item'>\n\t\t\t<div class='gallery-icon landscape'>\n\t\t\t\t<a href='https:\/\/archive.sana.sy\/tr\/wp-content\/uploads\/2015\/01\/Dumadan-Vatanda\u015flar-10.jpg'><img loading=\"lazy\" decoding=\"async\" width=\"150\" height=\"100\" src=\"https:\/\/archive.sana.sy\/tr\/wp-content\/uploads\/2015\/01\/Dumadan-Vatanda\u015flar-10-150x100.jpg\" class=\"attachment-thumbnail size-thumbnail\" alt=\"\" srcset=\"https:\/\/archive.sana.sy\/tr\/wp-content\/uploads\/2015\/01\/Dumadan-Vatanda\u015flar-10-150x100.jpg 150w, https:\/\/archive.sana.sy\/tr\/wp-content\/uploads\/2015\/01\/Dumadan-Vatanda\u015flar-10-300x200.jpg 300w, https:\/\/archive.sana.sy\/tr\/wp-content\/uploads\/2015\/01\/Dumadan-Vatanda\u015flar-10-1024x682.jpg 1024w\" sizes=\"auto, (max-width: 150px) 100vw, 150px\" \/><\/a>\n\t\t\t<\/div><\/figure><figure class='gallery-item'>\n\t\t\t<div class='gallery-icon landscape'>\n\t\t\t\t<a href='https:\/\/archive.sana.sy\/tr\/wp-content\/uploads\/2015\/01\/Dumadan-Vatanda\u015flar-9.jpg'><img loading=\"lazy\" decoding=\"async\" width=\"150\" height=\"100\" src=\"https:\/\/archive.sana.sy\/tr\/wp-content\/uploads\/2015\/01\/Dumadan-Vatanda\u015flar-9-150x100.jpg\" class=\"attachment-thumbnail size-thumbnail\" alt=\"\" srcset=\"https:\/\/archive.sana.sy\/tr\/wp-content\/uploads\/2015\/01\/Dumadan-Vatanda\u015flar-9-150x100.jpg 150w, https:\/\/archive.sana.sy\/tr\/wp-content\/uploads\/2015\/01\/Dumadan-Vatanda\u015flar-9-300x200.jpg 300w, https:\/\/archive.sana.sy\/tr\/wp-content\/uploads\/2015\/01\/Dumadan-Vatanda\u015flar-9-1024x681.jpg 1024w\" sizes=\"auto, (max-width: 150px) 100vw, 150px\" \/><\/a>\n\t\t\t<\/div><\/figure><figure class='gallery-item'>\n\t\t\t<div class='gallery-icon landscape'>\n\t\t\t\t<a href='https:\/\/archive.sana.sy\/tr\/wp-content\/uploads\/2015\/01\/Dumadan-Vatanda\u015flar-8.jpg'><img loading=\"lazy\" decoding=\"async\" width=\"150\" height=\"90\" src=\"https:\/\/archive.sana.sy\/tr\/wp-content\/uploads\/2015\/01\/Dumadan-Vatanda\u015flar-8-150x90.jpg\" class=\"attachment-thumbnail size-thumbnail\" alt=\"\" srcset=\"https:\/\/archive.sana.sy\/tr\/wp-content\/uploads\/2015\/01\/Dumadan-Vatanda\u015flar-8-150x90.jpg 150w, https:\/\/archive.sana.sy\/tr\/wp-content\/uploads\/2015\/01\/Dumadan-Vatanda\u015flar-8-300x181.jpg 300w, https:\/\/archive.sana.sy\/tr\/wp-content\/uploads\/2015\/01\/Dumadan-Vatanda\u015flar-8-1024x617.jpg 1024w\" sizes=\"auto, (max-width: 150px) 100vw, 150px\" \/><\/a>\n\t\t\t<\/div><\/figure><figure class='gallery-item'>\n\t\t\t<div class='gallery-icon landscape'>\n\t\t\t\t<a href='https:\/\/archive.sana.sy\/tr\/wp-content\/uploads\/2015\/01\/Dumadan-Vatanda\u015flar-7.jpg'><img loading=\"lazy\" decoding=\"async\" width=\"150\" height=\"90\" src=\"https:\/\/archive.sana.sy\/tr\/wp-content\/uploads\/2015\/01\/Dumadan-Vatanda\u015flar-7-150x90.jpg\" class=\"attachment-thumbnail size-thumbnail\" alt=\"\" srcset=\"https:\/\/archive.sana.sy\/tr\/wp-content\/uploads\/2015\/01\/Dumadan-Vatanda\u015flar-7-150x90.jpg 150w, https:\/\/archive.sana.sy\/tr\/wp-content\/uploads\/2015\/01\/Dumadan-Vatanda\u015flar-7-300x181.jpg 300w, https:\/\/archive.sana.sy\/tr\/wp-content\/uploads\/2015\/01\/Dumadan-Vatanda\u015flar-7-1024x617.jpg 1024w\" sizes=\"auto, (max-width: 150px) 100vw, 150px\" \/><\/a>\n\t\t\t<\/div><\/figure><figure class='gallery-item'>\n\t\t\t<div class='gallery-icon landscape'>\n\t\t\t\t<a href='https:\/\/archive.sana.sy\/tr\/wp-content\/uploads\/2015\/01\/Dumadan-Vatanda\u015flar-2.jpg'><img loading=\"lazy\" decoding=\"async\" width=\"150\" height=\"114\" src=\"https:\/\/archive.sana.sy\/tr\/wp-content\/uploads\/2015\/01\/Dumadan-Vatanda\u015flar-2-150x114.jpg\" class=\"attachment-thumbnail size-thumbnail\" alt=\"\" srcset=\"https:\/\/archive.sana.sy\/tr\/wp-content\/uploads\/2015\/01\/Dumadan-Vatanda\u015flar-2-150x114.jpg 150w, https:\/\/archive.sana.sy\/tr\/wp-content\/uploads\/2015\/01\/Dumadan-Vatanda\u015flar-2-300x227.jpg 300w, https:\/\/archive.sana.sy\/tr\/wp-content\/uploads\/2015\/01\/Dumadan-Vatanda\u015flar-2-1024x775.jpg 1024w\" sizes=\"auto, (max-width: 150px) 100vw, 150px\" \/><\/a>\n\t\t\t<\/div><\/figure><figure class='gallery-item'>\n\t\t\t<div class='gallery-icon landscape'>\n\t\t\t\t<a href='https:\/\/archive.sana.sy\/tr\/wp-content\/uploads\/2015\/01\/Dumadan-Vatanda\u015flar-3.jpg'><img loading=\"lazy\" decoding=\"async\" width=\"150\" height=\"100\" src=\"https:\/\/archive.sana.sy\/tr\/wp-content\/uploads\/2015\/01\/Dumadan-Vatanda\u015flar-3-150x100.jpg\" class=\"attachment-thumbnail size-thumbnail\" alt=\"\" srcset=\"https:\/\/archive.sana.sy\/tr\/wp-content\/uploads\/2015\/01\/Dumadan-Vatanda\u015flar-3-150x100.jpg 150w, https:\/\/archive.sana.sy\/tr\/wp-content\/uploads\/2015\/01\/Dumadan-Vatanda\u015flar-3-300x200.jpg 300w, https:\/\/archive.sana.sy\/tr\/wp-content\/uploads\/2015\/01\/Dumadan-Vatanda\u015flar-3-1024x681.jpg 1024w\" sizes=\"auto, (max-width: 150px) 100vw, 150px\" \/><\/a>\n\t\t\t<\/div><\/figure><figure class='gallery-item'>\n\t\t\t<div class='gallery-icon landscape'>\n\t\t\t\t<a href='https:\/\/archive.sana.sy\/tr\/wp-content\/uploads\/2015\/01\/Dumadan-Vatanda\u015flar-4.jpg'><img loading=\"lazy\" decoding=\"async\" width=\"150\" height=\"105\" src=\"https:\/\/archive.sana.sy\/tr\/wp-content\/uploads\/2015\/01\/Dumadan-Vatanda\u015flar-4-150x105.jpg\" class=\"attachment-thumbnail size-thumbnail\" alt=\"\" srcset=\"https:\/\/archive.sana.sy\/tr\/wp-content\/uploads\/2015\/01\/Dumadan-Vatanda\u015flar-4-150x105.jpg 150w, https:\/\/archive.sana.sy\/tr\/wp-content\/uploads\/2015\/01\/Dumadan-Vatanda\u015flar-4-300x211.jpg 300w, https:\/\/archive.sana.sy\/tr\/wp-content\/uploads\/2015\/01\/Dumadan-Vatanda\u015flar-4-1024x719.jpg 1024w\" sizes=\"auto, (max-width: 150px) 100vw, 150px\" \/><\/a>\n\t\t\t<\/div><\/figure><figure class='gallery-item'>\n\t\t\t<div class='gallery-icon landscape'>\n\t\t\t\t<a href='https:\/\/archive.sana.sy\/tr\/wp-content\/uploads\/2015\/01\/Dumadan-Vatanda\u015flar-5.jpg'><img loading=\"lazy\" decoding=\"async\" width=\"150\" height=\"78\" src=\"https:\/\/archive.sana.sy\/tr\/wp-content\/uploads\/2015\/01\/Dumadan-Vatanda\u015flar-5-150x78.jpg\" class=\"attachment-thumbnail size-thumbnail\" alt=\"\" srcset=\"https:\/\/archive.sana.sy\/tr\/wp-content\/uploads\/2015\/01\/Dumadan-Vatanda\u015flar-5-150x78.jpg 150w, https:\/\/archive.sana.sy\/tr\/wp-content\/uploads\/2015\/01\/Dumadan-Vatanda\u015flar-5-300x156.jpg 300w, https:\/\/archive.sana.sy\/tr\/wp-content\/uploads\/2015\/01\/Dumadan-Vatanda\u015flar-5-1024x531.jpg 1024w\" sizes=\"auto, (max-width: 150px) 100vw, 150px\" \/><\/a>\n\t\t\t<\/div><\/figure><figure class='gallery-item'>\n\t\t\t<div class='gallery-icon landscape'>\n\t\t\t\t<a href='https:\/\/archive.sana.sy\/tr\/wp-content\/uploads\/2015\/01\/Dumadan-Vatanda\u015flar-6.jpg'><img loading=\"lazy\" decoding=\"async\" width=\"150\" height=\"100\" src=\"https:\/\/archive.sana.sy\/tr\/wp-content\/uploads\/2015\/01\/Dumadan-Vatanda\u015flar-6-150x100.jpg\" class=\"attachment-thumbnail size-thumbnail\" alt=\"\" srcset=\"https:\/\/archive.sana.sy\/tr\/wp-content\/uploads\/2015\/01\/Dumadan-Vatanda\u015flar-6-150x100.jpg 150w, https:\/\/archive.sana.sy\/tr\/wp-content\/uploads\/2015\/01\/Dumadan-Vatanda\u015flar-6-300x200.jpg 300w, https:\/\/archive.sana.sy\/tr\/wp-content\/uploads\/2015\/01\/Dumadan-Vatanda\u015flar-6-1024x681.jpg 1024w\" sizes=\"auto, (max-width: 150px) 100vw, 150px\" \/><\/a>\n\t\t\t<\/div><\/figure>\n\t\t<\/div>\n\n<p>A.A. &#8211; R.H.<\/p>\n","protected":false},"excerpt":{"rendered":"<p>\u015eAM KIRSALI \u2013 Ordu birliklerimiz \u015eam K\u0131rsal\u0131 Do\u011fu Guta\u2019n\u0131n muhtelif b\u00f6lgelerinde tekfiri \u00f6rg\u00fctlerin ter\u00f6r\u00fcnden ka\u00e7arak kendilerine iltica eden 2112 vatanda\u015f\u0131n tahliyesini temin etti. Askeri bir kaynak SANA\u2019ya a\u00e7\u0131klamas\u0131nda ordu birliklerimizin Do\u011fu \u011euta\u2019n\u0131n muhtelif b\u00f6lgelerinde kendilerine sald\u0131r\u0131p silah zoruyla dayatmalarda bulunan, mallar\u0131n\u0131 ve m\u00fclklerini gasp eden sivil vatanda\u015flar\u0131n ter\u00f6r \u00e7etelerinden kurtar\u0131lmalar\u0131 ve g\u00fcvenli b\u00f6lgelere tahliyeleri i\u00e7in &hellip;<\/p>\n","protected":false},"author":1,"featured_media":21239,"comment_status":"closed","ping_status":"closed","sticky":false,"template":"","format":"standard","meta":{"footnotes":""},"categories":[596,479,575,478],"tags":[10214,10216,10220,10219,10213,10218,10215,10212,10217],"class_list":["post-21099","post","type-post","status-publish","format-standard","has-post-thumbnail","","category-fotografli-raporlar","category-haberler-yerel","category-olaylar-ve-gercekler","category-yerel","tag-639-kadin-ve-350-silahlinin-bulundugunu-belirten-kaynak","tag-cobar","tag-havs-el-davahira-ve-havs-el-nara-beldelerindeki-teroristlerden-kacarak-askeri-noktalara-sigindiklarini-belirtti","tag-havs-el-fara","tag-mallarini-ve-mulklerini-gasp-eden-sivil-vatandaslarin-teror-cetelerinden-kurtarilmalari-ve-guvenli-bolgelere-tahliyeleri-icin-dorduncu-gununde-calismalarini-surdurduklerini-soyledi-kaynak-tahliye-edi","tag-meydea","tag-onlara-gida-ve-tibbi-yardimlar-takdim-edilmesi-ardindan-gecici-olarak-ikamet-edecekleri-guvenli-bolgelere-tasindiklarini-aktardi-askeri-kaynak-soz-konusu-vatandaslarin-dogu-gutanin-duma","tag-ordu-birliklerimize-iltica-eden-2212-vatandas-tahliye-edildi-sam-kirsali-ordu-birliklerimiz-sam-kirsali-dogu-gutanin-muhtelif-bolgelerinde-tekfiri-orgutlerin-terorunden-kacarak-kend","tag-sifoniye"],"_links":{"self":[{"href":"https:\/\/archive.sana.sy\/tr\/index.php?rest_route=\/wp\/v2\/posts\/21099","targetHints":{"allow":["GET"]}}],"collection":[{"href":"https:\/\/archive.sana.sy\/tr\/index.php?rest_route=\/wp\/v2\/posts"}],"about":[{"href":"https:\/\/archive.sana.sy\/tr\/index.php?rest_route=\/wp\/v2\/types\/post"}],"author":[{"embeddable":true,"href":"https:\/\/archive.sana.sy\/tr\/index.php?rest_route=\/wp\/v2\/users\/1"}],"replies":[{"embeddable":true,"href":"https:\/\/archive.sana.sy\/tr\/index.php?rest_route=%2Fwp%2Fv2%2Fcomments&post=21099"}],"version-history":[{"count":0,"href":"https:\/\/archive.sana.sy\/tr\/index.php?rest_route=\/wp\/v2\/posts\/21099\/revisions"}],"wp:featuredmedia":[{"embeddable":true,"href":"https:\/\/archive.sana.sy\/tr\/index.php?rest_route=\/wp\/v2\/media\/21239"}],"wp:attachment":[{"href":"https:\/\/archive.sana.sy\/tr\/index.php?rest_route=%2Fwp%2Fv2%2Fmedia&parent=21099"}],"wp:term":[{"taxonomy":"category","embeddable":true,"href":"https:\/\/archive.sana.sy\/tr\/index.php?rest_route=%2Fwp%2Fv2%2Fcategories&post=21099"},{"taxonomy":"post_tag","embeddable":true,"href":"https:\/\/archive.sana.sy\/tr\/index.php?rest_route=%2Fwp%2Fv2%2Ftags&post=21099"}],"curies":[{"name":"wp","href":"https:\/\/api.w.org\/{rel}","templated":true}]}}