{"id":211138,"date":"2020-06-09T18:51:39","date_gmt":"2020-06-09T15:51:39","guid":{"rendered":"http:\/\/www.sana.sy\/tr\/?p=211138"},"modified":"2020-06-10T10:29:28","modified_gmt":"2020-06-10T07:29:28","slug":"suriye-ve-rusya-abd-rukban-kampindaki-suriyelilere-insani-yardimlarin-ulasmasini-engelliyor-covid19un-ciddi-yayilmasina-yol-acabilir","status":"publish","type":"post","link":"https:\/\/archive.sana.sy\/tr\/?p=211138","title":{"rendered":"Suriye ve Rusya: ABD, Rukban Kamp\u0131ndaki Suriyelilere \u0130nsani Yard\u0131mlar\u0131n Ula\u015fmas\u0131n\u0131 Engelliyor.. Covid19\u2019un Ciddi Yay\u0131lmas\u0131na Yol A\u00e7abilir"},"content":{"rendered":"<p>MOSKOVA \u2013 Tehcir edilen Suriyelilerin d\u00f6nmeleri i\u015flerinden sorumlu Suriye ve Rusya koordinasyon heyetleri, ABD\u2019nin Tenf B\u00f6lgesinde bulunan Rukban kamp\u0131nda ya\u015fayan Suriyelilere BM taraf\u0131ndan takdim edilen yard\u0131mlar\u0131n ula\u015fmas\u0131n\u0131 engellemeye devam etti\u011fini belirtirken bunun COV\u0130D19 salg\u0131n\u0131n yay\u0131lmas\u0131na yol a\u00e7abildi\u011fine dikkat \u00e7ekti.<\/p>\n<p>Bug\u00fcn yay\u0131nlad\u0131klar\u0131 ortak beyanda heyetler; ABD\u2019nin Suriye istikrar\u0131n\u0131 baltalamaya \u00a0ve tehcir edilenlerin d\u00f6nmesini engellemeye devam etti\u011fine i\u015faret ederken Rukban Kamp\u0131ndaki insani sorunlar\u0131n\u0131n s\u00fcrd\u00fc\u011f\u00fcn\u00fc belirtti. Heyetler; Rukban Kamp\u0131nda, ABD taraf\u0131ndan desteklenen silahl\u0131lar\u0131n sivil Suriyelilerin zorla tuttuklar\u0131na dikkat \u00e7ekerken durumlar\u0131n Tenf B\u00f6lgesi gibi ABD\u2019nin i\u015fgal etti\u011fi Suriye\u2019nin el Cezire ve di\u011fer b\u00f6lgelerde de Covid19 salg\u0131n\u0131 nedeniyle daha k\u00f6t\u00fcye gitti\u011fini belirtti.<\/p>\n<p>Heyetler; gerekli t\u0131bbi yard\u0131mlar\u0131n, t\u0131bbi te\u00e7hizatlar\u0131n ve ki\u015fisel koruma ekipmanlar\u0131n\u0131n eksikli\u011fi ve tehcir edilenlerin yo\u011fun varl\u0131\u011f\u0131ndan dolay\u0131 Covid19 salg\u0131n\u0131n ciddi yay\u0131lmas\u0131na neden olabilece\u011fine dikkat \u00e7ekti.<\/p>\n<p>\u00c7eviri: P.M.<\/p>\n<p>&nbsp;<\/p>\n","protected":false},"excerpt":{"rendered":"<p>MOSKOVA \u2013 Tehcir edilen Suriyelilerin d\u00f6nmeleri i\u015flerinden sorumlu Suriye ve Rusya koordinasyon heyetleri, ABD\u2019nin Tenf B\u00f6lgesinde bulunan Rukban kamp\u0131nda ya\u015fayan Suriyelilere BM taraf\u0131ndan takdim edilen yard\u0131mlar\u0131n ula\u015fmas\u0131n\u0131 engellemeye devam etti\u011fini belirtirken bunun COV\u0130D19 salg\u0131n\u0131n yay\u0131lmas\u0131na yol a\u00e7abildi\u011fine dikkat \u00e7ekti. Bug\u00fcn yay\u0131nlad\u0131klar\u0131 ortak beyanda heyetler; ABD\u2019nin Suriye istikrar\u0131n\u0131 baltalamaya \u00a0ve tehcir edilenlerin d\u00f6nmesini engellemeye devam etti\u011fine &hellip;<\/p>\n","protected":false},"author":1,"featured_media":211139,"comment_status":"closed","ping_status":"closed","sticky":false,"template":"","format":"standard","meta":{"footnotes":""},"categories":[458,459,17988],"tags":[],"class_list":["post-211138","post","type-post","status-publish","format-standard","has-post-thumbnail","","category-dunya1","category-haberler-arap-uluslararasi-politika","category-son-haberler"],"_links":{"self":[{"href":"https:\/\/archive.sana.sy\/tr\/index.php?rest_route=\/wp\/v2\/posts\/211138","targetHints":{"allow":["GET"]}}],"collection":[{"href":"https:\/\/archive.sana.sy\/tr\/index.php?rest_route=\/wp\/v2\/posts"}],"about":[{"href":"https:\/\/archive.sana.sy\/tr\/index.php?rest_route=\/wp\/v2\/types\/post"}],"author":[{"embeddable":true,"href":"https:\/\/archive.sana.sy\/tr\/index.php?rest_route=\/wp\/v2\/users\/1"}],"replies":[{"embeddable":true,"href":"https:\/\/archive.sana.sy\/tr\/index.php?rest_route=%2Fwp%2Fv2%2Fcomments&post=211138"}],"version-history":[{"count":0,"href":"https:\/\/archive.sana.sy\/tr\/index.php?rest_route=\/wp\/v2\/posts\/211138\/revisions"}],"wp:featuredmedia":[{"embeddable":true,"href":"https:\/\/archive.sana.sy\/tr\/index.php?rest_route=\/wp\/v2\/media\/211139"}],"wp:attachment":[{"href":"https:\/\/archive.sana.sy\/tr\/index.php?rest_route=%2Fwp%2Fv2%2Fmedia&parent=211138"}],"wp:term":[{"taxonomy":"category","embeddable":true,"href":"https:\/\/archive.sana.sy\/tr\/index.php?rest_route=%2Fwp%2Fv2%2Fcategories&post=211138"},{"taxonomy":"post_tag","embeddable":true,"href":"https:\/\/archive.sana.sy\/tr\/index.php?rest_route=%2Fwp%2Fv2%2Ftags&post=211138"}],"curies":[{"name":"wp","href":"https:\/\/api.w.org\/{rel}","templated":true}]}}