{"id":211141,"date":"2020-06-09T20:01:57","date_gmt":"2020-06-09T17:01:57","guid":{"rendered":"http:\/\/www.sana.sy\/tr\/?p=211141"},"modified":"2020-06-12T08:22:56","modified_gmt":"2020-06-12T05:22:56","slug":"halk-meclisinin-bugunku-oturumunda-bir-dizi-yasama-kararnameler-onaylandi","status":"publish","type":"post","link":"https:\/\/archive.sana.sy\/tr\/?p=211141","title":{"rendered":"Halk Meclisinin Bug\u00fcnk\u00fc Oturumunda Bir Dizi Yasama Kararnameler Onayland\u0131"},"content":{"rendered":"<p>\u015eAM \u2013 Halk Meclisi bug\u00fcn meclis ba\u015fkan\u0131 Hammuda Sabba\u011f ba\u015fkanl\u0131\u011f\u0131nda d\u00fczenlenen oturumunda, 2011 y\u0131l\u0131n\u0131n 107 say\u0131l\u0131 yasama kararnamesiyle \u00e7\u0131kar\u0131lan Yerel \u0130dare Kanunu&#8217;nun baz\u0131 maddelerinde de\u011fi\u015fiklik yap\u0131lmas\u0131 ile ilgili yasama kararnamesini onaylad\u0131.<\/p>\n<p>\u201cYerel \u0130dare ve Kentsel Kalk\u0131nma\u201d ve \u201cAnayasa ve Yasama \u0130\u015fleri\u201d komitelerinden olu\u015fan ortak timi, 2011 y\u0131l\u0131n\u0131n 107 say\u0131l\u0131 kararnamesiyle \u00e7\u0131kar\u0131lan Yerel \u0130dare Kanunu&#8217;nun baz\u0131 maddelerinde d\u00fczenleme yap\u0131lmas\u0131 ile ilgili Cumhurba\u015fkan\u0131n\u0131n 9-4-2020 tarihli mektubunu tart\u0131\u015ft\u0131ktan sonra de\u011fi\u015fiklikleri onaylad\u0131.<\/p>\n<p><a href=\"http:\/\/www.sana.sy\/tr\/wp-content\/uploads\/2020\/06\/8-46.jpg\"><img loading=\"lazy\" decoding=\"async\" class=\"alignright wp-image-211143 size-medium\" src=\"http:\/\/www.sana.sy\/tr\/wp-content\/uploads\/2020\/06\/8-46-300x200.jpg\" alt=\"\" width=\"300\" height=\"200\" srcset=\"https:\/\/archive.sana.sy\/tr\/wp-content\/uploads\/2020\/06\/8-46-300x200.jpg 300w, https:\/\/archive.sana.sy\/tr\/wp-content\/uploads\/2020\/06\/8-46-150x100.jpg 150w, https:\/\/archive.sana.sy\/tr\/wp-content\/uploads\/2020\/06\/8-46.jpg 660w\" sizes=\"auto, (max-width: 300px) 100vw, 300px\" \/><\/a>Halk meclisi ayr\u0131ca bir dizi yasama kararnameleri \u00e7\u0131kard\u0131. Bu ba\u011flamda Halk Meclisi taraf\u0131ndan \u00e7\u0131kar\u0131lan 2020 y\u0131l\u0131n\u0131n 6 say\u0131l\u0131 yasama kararnamesiyle 2020-3-22 tarihten \u00f6nce i\u015flenen su\u00e7lara af verildi. 2020 y\u0131l\u0131n\u0131n 8 say\u0131l\u0131l yasama kararnamesiyle, besi ve katliam amac\u0131yla ithal edilen canl\u0131 buza\u011f\u0131lar\u0131n ve canl\u0131 erkek koyunlar\u0131 g\u00fcmr\u00fck vergilerinden ve ithalat \u00fczerine uygulanan di\u011fer t\u00fcm vergi ve har\u00e7lardan muafiyetini onaylad\u0131.<\/p>\n<p>Meclis; yerel sanayiye girdi olarak ithal edilen hammaddelerin vergilerden muafiyetini i\u00e7eren 10 say\u0131l\u0131 yasama kararnamesini onaylad\u0131.<\/p>\n<p>Meclis, Korona vir\u00fcs\u00fcne y\u00f6nelik ihtiyati tedbirlerin ba\u015flad\u0131\u011f\u0131 tarih olan 3 -22-2020 tarihinden itibaren ge\u00e7erli vergi ve vergi mevzuat\u0131nda belirtilen t\u00fcm yasal s\u00fcrelerin uzat\u0131lmas\u0131n\u0131 i\u00e7eren 2020 tarihli 12 say\u0131l\u0131 yasama kararnamesini de onaylad\u0131.<\/p>\n<p>Meclis ayr\u0131ca, &#8220;Elektrik \u0130letimi Genel Kurulu\u015fu ve \u201cElektrik Da\u011f\u0131t\u0131m\u0131 Genel Kurulu\u015fu\u201dnun yerini alan &#8220;Elektrik \u0130letimi ve Da\u011f\u0131t\u0131m\u0131 Genel Kurumu&#8221; ad\u0131yla yeni bir kurumun kurulmas\u0131n\u0131 i\u00e7eren 2020 y\u0131l\u0131n\u0131n 9 say\u0131l\u0131 yasama kararnamesini onaylad\u0131.<\/p>\n<p>\u00c7eviri: P.M.<\/p>\n<div id='gallery-1' class='gallery galleryid-211141 gallery-columns-1 gallery-size-full'><figure class='gallery-item'>\n\t\t\t<div class='gallery-icon landscape'>\n\t\t\t\t<a href='https:\/\/archive.sana.sy\/tr\/wp-content\/uploads\/2020\/06\/2-114.jpg'><img loading=\"lazy\" decoding=\"async\" width=\"660\" height=\"439\" src=\"https:\/\/archive.sana.sy\/tr\/wp-content\/uploads\/2020\/06\/2-114.jpg\" class=\"attachment-full size-full\" alt=\"\" srcset=\"https:\/\/archive.sana.sy\/tr\/wp-content\/uploads\/2020\/06\/2-114.jpg 660w, https:\/\/archive.sana.sy\/tr\/wp-content\/uploads\/2020\/06\/2-114-300x200.jpg 300w, https:\/\/archive.sana.sy\/tr\/wp-content\/uploads\/2020\/06\/2-114-150x100.jpg 150w, https:\/\/archive.sana.sy\/tr\/wp-content\/uploads\/2020\/06\/2-114-310x205.jpg 310w\" sizes=\"auto, (max-width: 660px) 100vw, 660px\" \/><\/a>\n\t\t\t<\/div><\/figure><figure class='gallery-item'>\n\t\t\t<div class='gallery-icon landscape'>\n\t\t\t\t<a href='https:\/\/archive.sana.sy\/tr\/wp-content\/uploads\/2020\/06\/3-87.jpg'><img loading=\"lazy\" decoding=\"async\" width=\"660\" height=\"427\" src=\"https:\/\/archive.sana.sy\/tr\/wp-content\/uploads\/2020\/06\/3-87.jpg\" class=\"attachment-full size-full\" alt=\"\" srcset=\"https:\/\/archive.sana.sy\/tr\/wp-content\/uploads\/2020\/06\/3-87.jpg 660w, https:\/\/archive.sana.sy\/tr\/wp-content\/uploads\/2020\/06\/3-87-300x194.jpg 300w, https:\/\/archive.sana.sy\/tr\/wp-content\/uploads\/2020\/06\/3-87-150x97.jpg 150w\" sizes=\"auto, (max-width: 660px) 100vw, 660px\" \/><\/a>\n\t\t\t<\/div><\/figure><figure class='gallery-item'>\n\t\t\t<div class='gallery-icon landscape'>\n\t\t\t\t<a href='https:\/\/archive.sana.sy\/tr\/wp-content\/uploads\/2020\/06\/4-79.jpg'><img loading=\"lazy\" decoding=\"async\" width=\"660\" height=\"433\" src=\"https:\/\/archive.sana.sy\/tr\/wp-content\/uploads\/2020\/06\/4-79.jpg\" class=\"attachment-full size-full\" alt=\"\" srcset=\"https:\/\/archive.sana.sy\/tr\/wp-content\/uploads\/2020\/06\/4-79.jpg 660w, https:\/\/archive.sana.sy\/tr\/wp-content\/uploads\/2020\/06\/4-79-300x197.jpg 300w, https:\/\/archive.sana.sy\/tr\/wp-content\/uploads\/2020\/06\/4-79-150x98.jpg 150w\" sizes=\"auto, (max-width: 660px) 100vw, 660px\" \/><\/a>\n\t\t\t<\/div><\/figure><figure class='gallery-item'>\n\t\t\t<div class='gallery-icon landscape'>\n\t\t\t\t<a href='https:\/\/archive.sana.sy\/tr\/wp-content\/uploads\/2020\/06\/7-48.jpg'><img loading=\"lazy\" decoding=\"async\" width=\"660\" height=\"433\" src=\"https:\/\/archive.sana.sy\/tr\/wp-content\/uploads\/2020\/06\/7-48.jpg\" class=\"attachment-full size-full\" alt=\"\" srcset=\"https:\/\/archive.sana.sy\/tr\/wp-content\/uploads\/2020\/06\/7-48.jpg 660w, https:\/\/archive.sana.sy\/tr\/wp-content\/uploads\/2020\/06\/7-48-300x197.jpg 300w, https:\/\/archive.sana.sy\/tr\/wp-content\/uploads\/2020\/06\/7-48-150x98.jpg 150w\" sizes=\"auto, (max-width: 660px) 100vw, 660px\" \/><\/a>\n\t\t\t<\/div><\/figure><figure class='gallery-item'>\n\t\t\t<div class='gallery-icon landscape'>\n\t\t\t\t<a href='https:\/\/archive.sana.sy\/tr\/wp-content\/uploads\/2020\/06\/9-34.jpg'><img loading=\"lazy\" decoding=\"async\" width=\"660\" height=\"408\" src=\"https:\/\/archive.sana.sy\/tr\/wp-content\/uploads\/2020\/06\/9-34.jpg\" class=\"attachment-full size-full\" alt=\"\" srcset=\"https:\/\/archive.sana.sy\/tr\/wp-content\/uploads\/2020\/06\/9-34.jpg 660w, https:\/\/archive.sana.sy\/tr\/wp-content\/uploads\/2020\/06\/9-34-300x185.jpg 300w, https:\/\/archive.sana.sy\/tr\/wp-content\/uploads\/2020\/06\/9-34-150x93.jpg 150w\" sizes=\"auto, (max-width: 660px) 100vw, 660px\" \/><\/a>\n\t\t\t<\/div><\/figure><figure class='gallery-item'>\n\t\t\t<div class='gallery-icon landscape'>\n\t\t\t\t<a href='https:\/\/archive.sana.sy\/tr\/wp-content\/uploads\/2020\/06\/10-42.jpg'><img loading=\"lazy\" decoding=\"async\" width=\"660\" height=\"424\" src=\"https:\/\/archive.sana.sy\/tr\/wp-content\/uploads\/2020\/06\/10-42.jpg\" class=\"attachment-full size-full\" alt=\"\" srcset=\"https:\/\/archive.sana.sy\/tr\/wp-content\/uploads\/2020\/06\/10-42.jpg 660w, https:\/\/archive.sana.sy\/tr\/wp-content\/uploads\/2020\/06\/10-42-300x193.jpg 300w, https:\/\/archive.sana.sy\/tr\/wp-content\/uploads\/2020\/06\/10-42-150x96.jpg 150w\" sizes=\"auto, (max-width: 660px) 100vw, 660px\" \/><\/a>\n\t\t\t<\/div><\/figure>\n\t\t<\/div>\n\n","protected":false},"excerpt":{"rendered":"<p>\u015eAM \u2013 Halk Meclisi bug\u00fcn meclis ba\u015fkan\u0131 Hammuda Sabba\u011f ba\u015fkanl\u0131\u011f\u0131nda d\u00fczenlenen oturumunda, 2011 y\u0131l\u0131n\u0131n 107 say\u0131l\u0131 yasama kararnamesiyle \u00e7\u0131kar\u0131lan Yerel \u0130dare Kanunu&#8217;nun baz\u0131 maddelerinde de\u011fi\u015fiklik yap\u0131lmas\u0131 ile ilgili yasama kararnamesini onaylad\u0131. \u201cYerel \u0130dare ve Kentsel Kalk\u0131nma\u201d ve \u201cAnayasa ve Yasama \u0130\u015fleri\u201d komitelerinden olu\u015fan ortak timi, 2011 y\u0131l\u0131n\u0131n 107 say\u0131l\u0131 kararnamesiyle \u00e7\u0131kar\u0131lan Yerel \u0130dare Kanunu&#8217;nun baz\u0131 &hellip;<\/p>\n","protected":false},"author":1,"featured_media":211142,"comment_status":"closed","ping_status":"closed","sticky":false,"template":"","format":"standard","meta":{"footnotes":""},"categories":[596,479,17988,599,478],"tags":[],"class_list":["post-211141","post","type-post","status-publish","format-standard","has-post-thumbnail","","category-fotografli-raporlar","category-haberler-yerel","category-son-haberler","category-yasama-ve-kanunlar","category-yerel"],"_links":{"self":[{"href":"https:\/\/archive.sana.sy\/tr\/index.php?rest_route=\/wp\/v2\/posts\/211141","targetHints":{"allow":["GET"]}}],"collection":[{"href":"https:\/\/archive.sana.sy\/tr\/index.php?rest_route=\/wp\/v2\/posts"}],"about":[{"href":"https:\/\/archive.sana.sy\/tr\/index.php?rest_route=\/wp\/v2\/types\/post"}],"author":[{"embeddable":true,"href":"https:\/\/archive.sana.sy\/tr\/index.php?rest_route=\/wp\/v2\/users\/1"}],"replies":[{"embeddable":true,"href":"https:\/\/archive.sana.sy\/tr\/index.php?rest_route=%2Fwp%2Fv2%2Fcomments&post=211141"}],"version-history":[{"count":0,"href":"https:\/\/archive.sana.sy\/tr\/index.php?rest_route=\/wp\/v2\/posts\/211141\/revisions"}],"wp:featuredmedia":[{"embeddable":true,"href":"https:\/\/archive.sana.sy\/tr\/index.php?rest_route=\/wp\/v2\/media\/211142"}],"wp:attachment":[{"href":"https:\/\/archive.sana.sy\/tr\/index.php?rest_route=%2Fwp%2Fv2%2Fmedia&parent=211141"}],"wp:term":[{"taxonomy":"category","embeddable":true,"href":"https:\/\/archive.sana.sy\/tr\/index.php?rest_route=%2Fwp%2Fv2%2Fcategories&post=211141"},{"taxonomy":"post_tag","embeddable":true,"href":"https:\/\/archive.sana.sy\/tr\/index.php?rest_route=%2Fwp%2Fv2%2Ftags&post=211141"}],"curies":[{"name":"wp","href":"https:\/\/api.w.org\/{rel}","templated":true}]}}