{"id":211151,"date":"2020-06-09T18:30:01","date_gmt":"2020-06-09T15:30:01","guid":{"rendered":"http:\/\/www.sana.sy\/tr\/?p=211151"},"modified":"2020-06-10T10:29:24","modified_gmt":"2020-06-10T07:29:24","slug":"putin-ve-merkel-suriye-ve-libyadaki-son-gelismeleri-tartisti","status":"publish","type":"post","link":"https:\/\/archive.sana.sy\/tr\/?p=211151","title":{"rendered":"Putin ve Merkel Suriye ve Libya&#8217;daki Son Geli\u015fmeleri Tart\u0131\u015ft\u0131"},"content":{"rendered":"<p>MOSKOVA \u2013 Rusya Ba\u015fkan\u0131 Vladimir Putin ve Almanya Ba\u015fbakan\u0131 Angela Merkel bulunduklar\u0131 telefonlu g\u00f6r\u00fc\u015fmede Suriye ve Libya\u2019daki son geli\u015fmeleri tart\u0131\u015ft\u0131.<\/p>\n<p>Putin ve Merkel telefonlu g\u00f6r\u00fc\u015fmesi ard\u0131ndan Rusya Ba\u015fkanl\u0131\u011f\u0131n\u0131n yay\u0131nlad\u0131\u011f\u0131 beyanda; Suriye\u2019deki temel geli\u015fmeleri ve \u00f6zellikle sakinlerin inasi ihtiya\u00e7lar\u0131n\u0131n temin edilmesiyle ilgili meseleleri tart\u0131\u015f\u0131ld\u0131\u011f\u0131n\u0131 belirlendi.<\/p>\n<p>Putin ve Merkel g\u00f6r\u00fc\u015fmede; Libya\u2019da ate\u015fkes gerekti\u011fini ve oradaki krizin \u00e7\u00f6z\u00fcm\u00fcn\u00fcn h\u0131zland\u0131r\u0131lmas\u0131n\u0131n \u00f6nemini vurgulad\u0131.<\/p>\n<p>Putin ve Merkel ayr\u0131ca; Ukrayna\u2019daki krizinin \u00e7\u00f6z\u00fcm\u00fcne y\u00f6nelik Minsk anla\u015fmas\u0131n\u0131n ve 2019 Normandi grubunun kararlar\u0131n\u0131n uygulamas\u0131nda herhangi bir ilerlemenin kaydedilmedi\u011fi ile ilgili endi\u015felerini ifade etti.<\/p>\n<p>Bu ba\u011flamda iki taraf Ukrayna&#8217;daki krizinin \u00e7\u00f6z\u00fcm\u00fcne y\u00f6nelik m\u00fczakere s\u00fcrecinin yeniden etkinle\u015ftirilmesinin \u00f6nemine vurgu yaparken Ba\u015fkan Putin; Ukraynal\u0131 yetkililerin, tek tarafl\u0131 olarak ilan edilen Donetsk ve Lugansk cumhuriyetleri ile do\u011frudan diyalog yapmalar\u0131n\u0131n \u00f6nemini vurgulad\u0131.<\/p>\n<p>\u00c7eviri: P.M.<\/p>\n","protected":false},"excerpt":{"rendered":"<p>MOSKOVA \u2013 Rusya Ba\u015fkan\u0131 Vladimir Putin ve Almanya Ba\u015fbakan\u0131 Angela Merkel bulunduklar\u0131 telefonlu g\u00f6r\u00fc\u015fmede Suriye ve Libya\u2019daki son geli\u015fmeleri tart\u0131\u015ft\u0131. Putin ve Merkel telefonlu g\u00f6r\u00fc\u015fmesi ard\u0131ndan Rusya Ba\u015fkanl\u0131\u011f\u0131n\u0131n yay\u0131nlad\u0131\u011f\u0131 beyanda; Suriye\u2019deki temel geli\u015fmeleri ve \u00f6zellikle sakinlerin inasi ihtiya\u00e7lar\u0131n\u0131n temin edilmesiyle ilgili meseleleri tart\u0131\u015f\u0131ld\u0131\u011f\u0131n\u0131 belirlendi. Putin ve Merkel g\u00f6r\u00fc\u015fmede; Libya\u2019da ate\u015fkes gerekti\u011fini ve oradaki krizin \u00e7\u00f6z\u00fcm\u00fcn\u00fcn &hellip;<\/p>\n","protected":false},"author":1,"featured_media":211153,"comment_status":"closed","ping_status":"closed","sticky":false,"template":"","format":"standard","meta":{"footnotes":""},"categories":[458,459,17988],"tags":[],"class_list":["post-211151","post","type-post","status-publish","format-standard","has-post-thumbnail","","category-dunya1","category-haberler-arap-uluslararasi-politika","category-son-haberler"],"_links":{"self":[{"href":"https:\/\/archive.sana.sy\/tr\/index.php?rest_route=\/wp\/v2\/posts\/211151","targetHints":{"allow":["GET"]}}],"collection":[{"href":"https:\/\/archive.sana.sy\/tr\/index.php?rest_route=\/wp\/v2\/posts"}],"about":[{"href":"https:\/\/archive.sana.sy\/tr\/index.php?rest_route=\/wp\/v2\/types\/post"}],"author":[{"embeddable":true,"href":"https:\/\/archive.sana.sy\/tr\/index.php?rest_route=\/wp\/v2\/users\/1"}],"replies":[{"embeddable":true,"href":"https:\/\/archive.sana.sy\/tr\/index.php?rest_route=%2Fwp%2Fv2%2Fcomments&post=211151"}],"version-history":[{"count":0,"href":"https:\/\/archive.sana.sy\/tr\/index.php?rest_route=\/wp\/v2\/posts\/211151\/revisions"}],"wp:featuredmedia":[{"embeddable":true,"href":"https:\/\/archive.sana.sy\/tr\/index.php?rest_route=\/wp\/v2\/media\/211153"}],"wp:attachment":[{"href":"https:\/\/archive.sana.sy\/tr\/index.php?rest_route=%2Fwp%2Fv2%2Fmedia&parent=211151"}],"wp:term":[{"taxonomy":"category","embeddable":true,"href":"https:\/\/archive.sana.sy\/tr\/index.php?rest_route=%2Fwp%2Fv2%2Fcategories&post=211151"},{"taxonomy":"post_tag","embeddable":true,"href":"https:\/\/archive.sana.sy\/tr\/index.php?rest_route=%2Fwp%2Fv2%2Ftags&post=211151"}],"curies":[{"name":"wp","href":"https:\/\/api.w.org\/{rel}","templated":true}]}}