{"id":211156,"date":"2020-06-09T21:15:20","date_gmt":"2020-06-09T18:15:20","guid":{"rendered":"http:\/\/www.sana.sy\/tr\/?p=211156"},"modified":"2020-06-12T08:23:04","modified_gmt":"2020-06-12T05:23:04","slug":"korona-virusuyle-isabetli-2-vaka-daha-tespit-edildi","status":"publish","type":"post","link":"https:\/\/archive.sana.sy\/tr\/?p=211156","title":{"rendered":"Suriye&#8217;deki Koronavir\u00fcs Vakalar\u0131n\u0131n Yeni G\u00fcncellemesi"},"content":{"rendered":"<p>\u015eAM \u2013 Sa\u011fl\u0131k Bakanl\u0131\u011f\u0131 \u015eam K\u0131rsal\u0131ndaki Ras el Maara Beldesinde yurt d\u0131\u015f\u0131ndan gelen koronavir\u00fcs\u00fcyle isabetli bir vakayla kar\u015f\u0131la\u015fmalar\u0131 ard\u0131ndan yeni 2 vakan\u0131n tescil edildi\u011fini a\u00e7\u0131klad\u0131.<\/p>\n<p>Sa\u011fl\u0131k Bakanl\u0131\u011f\u0131 \u015eam K\u0131rsal\u0131ndaki Ras el Maara Beldesini, yurtd\u0131\u015f\u0131ndan gelen korona vir\u00fcs\u00fcyle isabetli bir vakan\u0131n kar\u015f\u0131la\u015fmalar\u0131 ard\u0131ndan 16 ki\u015finin korona vir\u00fcs\u00fcyle isabetli olduklar\u0131n\u0131 tespit edildikten sonra beldeyi tamamen karatina alt\u0131nda alm\u0131\u015ft\u0131.<\/p>\n<p>Bug\u00fcnk\u00fc g\u00fcncellemesiyle Suriye\u2019de tespit edilen koronavir\u00fcs\u00fc vakalar\u0131 toplam 146\u2019e ula\u015ft\u0131, 62 vaka iyile\u015fti ve 6 vaka vefat etti.<\/p>\n<p>P.M.<\/p>\n","protected":false},"excerpt":{"rendered":"<p>\u015eAM \u2013 Sa\u011fl\u0131k Bakanl\u0131\u011f\u0131 \u015eam K\u0131rsal\u0131ndaki Ras el Maara Beldesinde yurt d\u0131\u015f\u0131ndan gelen koronavir\u00fcs\u00fcyle isabetli bir vakayla kar\u015f\u0131la\u015fmalar\u0131 ard\u0131ndan yeni 2 vakan\u0131n tescil edildi\u011fini a\u00e7\u0131klad\u0131. Sa\u011fl\u0131k Bakanl\u0131\u011f\u0131 \u015eam K\u0131rsal\u0131ndaki Ras el Maara Beldesini, yurtd\u0131\u015f\u0131ndan gelen korona vir\u00fcs\u00fcyle isabetli bir vakan\u0131n kar\u015f\u0131la\u015fmalar\u0131 ard\u0131ndan 16 ki\u015finin korona vir\u00fcs\u00fcyle isabetli olduklar\u0131n\u0131 tespit edildikten sonra beldeyi tamamen karatina alt\u0131nda &hellip;<\/p>\n","protected":false},"author":1,"featured_media":211157,"comment_status":"closed","ping_status":"closed","sticky":false,"template":"","format":"standard","meta":{"footnotes":""},"categories":[479,17988,478],"tags":[],"class_list":["post-211156","post","type-post","status-publish","format-standard","has-post-thumbnail","","category-haberler-yerel","category-son-haberler","category-yerel"],"_links":{"self":[{"href":"https:\/\/archive.sana.sy\/tr\/index.php?rest_route=\/wp\/v2\/posts\/211156","targetHints":{"allow":["GET"]}}],"collection":[{"href":"https:\/\/archive.sana.sy\/tr\/index.php?rest_route=\/wp\/v2\/posts"}],"about":[{"href":"https:\/\/archive.sana.sy\/tr\/index.php?rest_route=\/wp\/v2\/types\/post"}],"author":[{"embeddable":true,"href":"https:\/\/archive.sana.sy\/tr\/index.php?rest_route=\/wp\/v2\/users\/1"}],"replies":[{"embeddable":true,"href":"https:\/\/archive.sana.sy\/tr\/index.php?rest_route=%2Fwp%2Fv2%2Fcomments&post=211156"}],"version-history":[{"count":0,"href":"https:\/\/archive.sana.sy\/tr\/index.php?rest_route=\/wp\/v2\/posts\/211156\/revisions"}],"wp:featuredmedia":[{"embeddable":true,"href":"https:\/\/archive.sana.sy\/tr\/index.php?rest_route=\/wp\/v2\/media\/211157"}],"wp:attachment":[{"href":"https:\/\/archive.sana.sy\/tr\/index.php?rest_route=%2Fwp%2Fv2%2Fmedia&parent=211156"}],"wp:term":[{"taxonomy":"category","embeddable":true,"href":"https:\/\/archive.sana.sy\/tr\/index.php?rest_route=%2Fwp%2Fv2%2Fcategories&post=211156"},{"taxonomy":"post_tag","embeddable":true,"href":"https:\/\/archive.sana.sy\/tr\/index.php?rest_route=%2Fwp%2Fv2%2Ftags&post=211156"}],"curies":[{"name":"wp","href":"https:\/\/api.w.org\/{rel}","templated":true}]}}