{"id":21116,"date":"2015-01-18T15:25:37","date_gmt":"2015-01-18T13:25:37","guid":{"rendered":"http:\/\/www.sana.sy\/tr\/?p=21116"},"modified":"2015-01-19T13:30:31","modified_gmt":"2015-01-19T11:30:31","slug":"teroru-destekleyen-devletler-bu-desteklerini-kesmeye-zorlanmalidir","status":"publish","type":"post","link":"https:\/\/archive.sana.sy\/tr\/?p=21116","title":{"rendered":"Lahham: Suriye Halk\u0131n\u0131n \u0130yili\u011fini \u0130steyenler Ulusal Uzla\u015fma S\u00fcrecine Hizmet Etmelidir"},"content":{"rendered":"<p>\u015eAM \u2013 Halk Meclisi Ba\u015fkan\u0131 Muhammed Cihat el Lahham, Uluslararas\u0131 Parlamentolar Birli\u011fi\u00a0(IPU)\u00a0Genel Sekreteri Martin Chungong ve ona e\u015flik eden heyetle bir araya gelerek radikalizm ve ter\u00f6r ile m\u00fccedelede i\u015fbirli\u011fi, koordinasyon ve \u00e7abalar\u0131n birle\u015ftirilmesi y\u00f6ntemlerini inceledi.<\/p>\n<p>Suriye&#8217;nin iyi niyetli ve samimi b\u00fct\u00fcn taraflarla tehlike ve tehdit \u00e7emberini g\u00fcnden g\u00fcne b\u00fcy\u00fcten tekfirce ter\u00f6re kar\u015f\u0131 i\u015fbirli\u011fi yapmaya haz\u0131r oldu\u011funu dile getiren Lahham; ter\u00f6re kar\u015f\u0131 \u00e7abalar\u0131n birle\u015ftirilmesi ve bu alandaki g\u00f6r\u00fc\u015flerin ortak paydada bir araya getirilmesi gere\u011fini vurgulad\u0131.<\/p>\n<p>Halk Meclisinin son \u00fc\u00e7 y\u0131l s\u00fcresince Uluslararas\u0131 Parlamentolar Birli\u011fi ile iyi niyet\u00a0 temelinde g\u00f6r\u00fc\u015fme ve i\u015fbirli\u011fi kanallar\u0131 a\u00e7may\u0131 ba\u015fard\u0131\u011f\u0131na de\u011finen Lahham; Suriye halk\u0131n\u0131n iyili\u011fini isteyen herkesin, Suriyeliler aras\u0131ndaki kapsaml\u0131 ulusal uzla\u015fma \u00e7emberini geni\u015fletme ve bu s\u00fcrece hizmet edecek kanallar a\u00e7ma \u00e7abalar\u0131n\u0131 desteklemesi gerekti\u011fini ibraz etti.<\/p>\n<p>Di\u011fer taraftan Suriyelilerin kendi sorunlar\u0131n\u0131 \u00e7\u00f6zecek g\u00fc\u00e7 ve azme sahip olduklar\u0131n\u0131 dile getiren Uluslararas\u0131 Parlamentolar Birli\u011fi Chungong; Uluslararas\u0131 Parlamentolar Birli\u011finin, Halk Meclisi ve Ulusal Uzla\u015fma Komisyonunun \u00e7al\u0131\u015fmalar\u0131n\u0131 desteklemeye haz\u0131r oldu\u011funu belirtti.<\/p>\n<p><span style=\"color: #0000ff\">Ter\u00f6r\u00fc Destekleyen Devletler, Bu Desteklerini Kesmeye Zorlanmal\u0131d\u0131r<\/span><\/p>\n<p>\u00d6te yandan Ba\u015fbakan Yard\u0131mc\u0131s\u0131 D\u0131\u015fi\u015fleri ve Gurbet\u00e7iler Bakan\u0131 Velid el Muallim de bug\u00fcn Uluslararas\u0131 Parlamentolar Birli\u011fi Genel Sekreteri Chungong ve ona e\u015flik eden heyet ile bir araya geldi.<\/p>\n<p>Uluslar aras\u0131 parlamentolar aras\u0131ndaki ili\u015fkilerin ele al\u0131nd\u0131\u011f\u0131 g\u00f6r\u00fc\u015fmede parlamenterler ve halk temsilcilerinin d\u00fcnyan\u0131n herhangi bir yerindeki krize ili\u015fkin ger\u00e7ek ve objektif bir \u015fekilde bilgilendirilmeleri gere\u011finin alt\u0131 \u00e7izildi. \u0130ki taraf Suriye&#8217;de halk\u0131, tarihi ve medeniyeti hedef alan evrensel sava\u015fa ili\u015fkin ger\u00e7eklerin d\u00fcnyan\u0131n t\u00fcm parlamentolar\u0131na objektif bir \u015fekilde aktar\u0131lmas\u0131 \u00f6nemini ifade etti.<\/p>\n<p><a href=\"http:\/\/www.sana.sy\/tr\/wp-content\/uploads\/2015\/01\/Muallim-2.jpg\"><img loading=\"lazy\" decoding=\"async\" class=\"alignright wp-image-21118 size-medium\" src=\"http:\/\/www.sana.sy\/tr\/wp-content\/uploads\/2015\/01\/Muallim-2-300x200.jpg\" alt=\"Muallim 2\" width=\"300\" height=\"200\" srcset=\"https:\/\/archive.sana.sy\/tr\/wp-content\/uploads\/2015\/01\/Muallim-2-300x200.jpg 300w, https:\/\/archive.sana.sy\/tr\/wp-content\/uploads\/2015\/01\/Muallim-2-150x100.jpg 150w, https:\/\/archive.sana.sy\/tr\/wp-content\/uploads\/2015\/01\/Muallim-2-1024x682.jpg 1024w\" sizes=\"auto, (max-width: 300px) 100vw, 300px\" \/><\/a>Ter\u00f6rle m\u00fccadele ve bu ba\u011flamda uluslar aras\u0131 \u00e7abalar\u0131n birle\u015ftirilip yo\u011funla\u015ft\u0131r\u0131lmas\u0131 konusunun ele al\u0131nd\u0131\u011f\u0131 g\u00f6r\u00fc\u015fmede, d\u00fcnyan\u0131n istisnas\u0131z her yerinde halklar\u0131n istikrar ve g\u00fcvenli\u011fini tehdit eden ter\u00f6r tehlikesinin ayd\u0131nlat\u0131lmas\u0131nda parlamenterlerin oynamalar\u0131 gereken role dikkat \u00e7ekildi.<\/p>\n<p>Muallim Suriye&#8217;nin devlet, halk ve ordu olarak d\u00f6rt y\u0131la yak\u0131n bir s\u00fcredir maruz kald\u0131\u011f\u0131 ter\u00f6re kar\u015f\u0131 sava\u015f\u0131n\u0131 s\u00fcrd\u00fcrme azim ve kararl\u0131l\u0131\u011f\u0131nda oldu\u011funu vurgulad\u0131.<\/p>\n<p>Suriye&#8217;de ter\u00f6r\u00fc destekleyen t\u00fcm devletlerin Uluslararas\u0131 G\u00fcvenlik Konseyinin 2170 ve 2178 say\u0131l\u0131 kararlar\u0131 ba\u015fta olmak \u00fczere ter\u00f6rle m\u00fccadelede ilgili kararlara ba\u011fl\u0131 kalmalar\u0131 gere\u011finin alt\u0131n\u0131 \u00e7izen muallim; Chungong ve ona e\u015flik eden heyetin Suriye&#8217;de cereyan olmakta olan ulusal uzla\u015fmalar\u0131n \u00f6nemine dikkatlerini \u00e7ekti.<\/p>\n<p>Chungong ter\u00f6re kar\u015f\u0131 sava\u015f\u0131nda Suriye&#8217;ye deste\u011fini ifade ederken, d\u00fcnyada geli\u015fen olaylar\u0131n bu ter\u00f6r\u00fcn tehlikesini net bir \u015fekilde ortaya serdi\u011fini belirtti.<\/p>\n<p><span style=\"color: #0000ff\">Chungong: Ziyaret Suriye&#8217;de Ya\u015fanan Ger\u00e7ekleri Uluslararas\u0131 Parlamentolar Birli\u011fi Platformuna Ta\u015f\u0131may\u0131 Ama\u00e7l\u0131yor<\/span><\/p>\n<p><a href=\"http:\/\/www.sana.sy\/tr\/wp-content\/uploads\/2015\/01\/Komisyon-1.jpg\"><img loading=\"lazy\" decoding=\"async\" class=\"alignright wp-image-21163 size-medium\" src=\"http:\/\/www.sana.sy\/tr\/wp-content\/uploads\/2015\/01\/Komisyon-1-300x169.jpg\" alt=\"Komisyon 1\" width=\"300\" height=\"169\" srcset=\"https:\/\/archive.sana.sy\/tr\/wp-content\/uploads\/2015\/01\/Komisyon-1-300x169.jpg 300w, https:\/\/archive.sana.sy\/tr\/wp-content\/uploads\/2015\/01\/Komisyon-1-150x84.jpg 150w, https:\/\/archive.sana.sy\/tr\/wp-content\/uploads\/2015\/01\/Komisyon-1-1024x576.jpg 1024w\" sizes=\"auto, (max-width: 300px) 100vw, 300px\" \/><\/a>Lahham\u2019dan sonra Uluslararas\u0131 Parlamentolar Birli\u011fi Ba\u015fkan\u0131 Chungong ve Yeti ile bir araya gelen Halk Meclisi Ulusal Uzla\u015fma Komisyonu \u00fcyeleri Suriye&#8217;de ya\u015fanmakta olan krizin \u00e7\u00f6z\u00fcm\u00fcnde i\u015fbirli\u011fi ve koordinasyonu peki\u015ftirme y\u00f6ntemlerini inceledi.<\/p>\n<p>Toplant\u0131da Suriye ziyaretinin ya\u015fanan olaylar\u0131n ger\u00e7e\u011fini g\u00f6rmeyi ve inceleyerek Uluslararas\u0131 Parlamentolar Birli\u011fi platformuna ta\u015f\u0131may\u0131 ama\u00e7lad\u0131\u011f\u0131na i\u015faret eden Chungong; Uluslararas\u0131 Parlamentolar Birli\u011finin ayr\u0131ca birlik \u00fcyelerinden olu\u015fturulacak \u00f6zel bir heyeti incelemelerde bulunmak \u00fczere Suriye&#8217;ye g\u00f6ndermesi gere\u011fini dile getirdi.<\/p>\n<p>\u00d6te yandan Halk Meclisinde Ulusal Uzla\u015fma Komisyonu Ba\u015fkan\u0131 \u00d6mer Osi; komisyonun b\u00fct\u00fcn Suriye topraklar\u0131na yay\u0131ym\u0131\u015f faaliyetleri ve \u00e7al\u0131\u015fmalar\u0131 hakk\u0131nda bilgi vererek, silahl\u0131 ter\u00f6r gruplar\u0131 taraf\u0131ndan ka\u00e7\u0131r\u0131lan vatanda\u015flar, kay\u0131p vatanda\u015flar ve tutuklu dosyalar\u0131n\u0131n yan\u0131 s\u0131ra insani yard\u0131mlar\u0131n ihtiya\u00e7 sahiplerine ula\u015ft\u0131r\u0131lmas\u0131 \u00e7al\u0131\u015fmalar\u0131n\u0131n da komisyonun faaliyetleri aras\u0131nda bulundu\u011funu belirtti.<\/p>\n<p>&nbsp;<\/p>\n<p>A. A. &#8211; F. B.<\/p>\n","protected":false},"excerpt":{"rendered":"<p>\u015eAM \u2013 Halk Meclisi Ba\u015fkan\u0131 Muhammed Cihat el Lahham, Uluslararas\u0131 Parlamentolar Birli\u011fi\u00a0(IPU)\u00a0Genel Sekreteri Martin Chungong ve ona e\u015flik eden heyetle bir araya gelerek radikalizm ve ter\u00f6r ile m\u00fccedelede i\u015fbirli\u011fi, koordinasyon ve \u00e7abalar\u0131n birle\u015ftirilmesi y\u00f6ntemlerini inceledi. Suriye&#8217;nin iyi niyetli ve samimi b\u00fct\u00fcn taraflarla tehlike ve tehdit \u00e7emberini g\u00fcnden g\u00fcne b\u00fcy\u00fcten tekfirce ter\u00f6re kar\u015f\u0131 i\u015fbirli\u011fi yapmaya haz\u0131r &hellip;<\/p>\n","protected":false},"author":1,"featured_media":21161,"comment_status":"closed","ping_status":"closed","sticky":false,"template":"","format":"standard","meta":{"footnotes":""},"categories":[479,478],"tags":[10227,10231,10229,10230,10228,10226],"class_list":["post-21116","post","type-post","status-publish","format-standard","has-post-thumbnail","","category-haberler-yerel","category-yerel","tag-bu-desteklerini-kesmeye-zorlanmalidir-sam-basbakan-yardimcisi-disisleri-ve-gurbetciler-bakani-velid-el-muallim-bugun-uluslararasi-parlamentolar-birligi-ipu-genel-sekreteri-martin-chungong","tag-dunyada-gelisen-olaylarin-bu-terorun-tehlikesini-net-bir-sekilde-ortaya-serdigini-belirtti","tag-dunyanin-istisnasiz-her-yerinde-halklarin-istikrar-ve-guvenligini-tehdit-eden-teror-tehlikesinin-aydinlatilmasinda-parlamenterlerin-oynamalari-gereken-role-dikkat-cekildi-muallim-suriyenin-devlet","tag-halk-ve-ordu-olarak-dort-yila-yakin-bir-suredir-maruz-kaldigi-terore-karsi-savasini-surdurme-azim-ve-kararliliginda-oldugunu-vurguladi-suriyede-teroru-destekleyen-tum-devletlerin-uluslararasi-guvenl","tag-tarihi-ve-medeniyeti-hedef-alan-evrensel-savasa-iliskin-gerceklerin-dunyanin-tum-parlamentolarina-objektif-bir-sekilde-aktarilmasi-onemini-ifade-etti-terorle-mucadele-ve-bu-baglamda-uluslar-arasi-cab","tag-teroru-destekleyen-devletler"],"_links":{"self":[{"href":"https:\/\/archive.sana.sy\/tr\/index.php?rest_route=\/wp\/v2\/posts\/21116","targetHints":{"allow":["GET"]}}],"collection":[{"href":"https:\/\/archive.sana.sy\/tr\/index.php?rest_route=\/wp\/v2\/posts"}],"about":[{"href":"https:\/\/archive.sana.sy\/tr\/index.php?rest_route=\/wp\/v2\/types\/post"}],"author":[{"embeddable":true,"href":"https:\/\/archive.sana.sy\/tr\/index.php?rest_route=\/wp\/v2\/users\/1"}],"replies":[{"embeddable":true,"href":"https:\/\/archive.sana.sy\/tr\/index.php?rest_route=%2Fwp%2Fv2%2Fcomments&post=21116"}],"version-history":[{"count":0,"href":"https:\/\/archive.sana.sy\/tr\/index.php?rest_route=\/wp\/v2\/posts\/21116\/revisions"}],"wp:featuredmedia":[{"embeddable":true,"href":"https:\/\/archive.sana.sy\/tr\/index.php?rest_route=\/wp\/v2\/media\/21161"}],"wp:attachment":[{"href":"https:\/\/archive.sana.sy\/tr\/index.php?rest_route=%2Fwp%2Fv2%2Fmedia&parent=21116"}],"wp:term":[{"taxonomy":"category","embeddable":true,"href":"https:\/\/archive.sana.sy\/tr\/index.php?rest_route=%2Fwp%2Fv2%2Fcategories&post=21116"},{"taxonomy":"post_tag","embeddable":true,"href":"https:\/\/archive.sana.sy\/tr\/index.php?rest_route=%2Fwp%2Fv2%2Ftags&post=21116"}],"curies":[{"name":"wp","href":"https:\/\/api.w.org\/{rel}","templated":true}]}}