{"id":211160,"date":"2020-06-09T23:03:38","date_gmt":"2020-06-09T20:03:38","guid":{"rendered":"http:\/\/www.sana.sy\/tr\/?p=211160"},"modified":"2020-06-12T08:25:31","modified_gmt":"2020-06-12T05:25:31","slug":"bogdanov-suriyenin-toprak-butunlugu-ve-egemenligine-rusyanin-destegini-vurguluyor","status":"publish","type":"post","link":"https:\/\/archive.sana.sy\/tr\/?p=211160","title":{"rendered":"Bogdanov, Suriye\u2019nin Toprak B\u00fct\u00fcnl\u00fc\u011f\u00fc ve Egemenli\u011fine Rusya\u2019n\u0131n Deste\u011fini Vurguluyor"},"content":{"rendered":"<p>MOSKOVA \u2013 Rusya Ba\u015fkan\u0131\u2019n\u0131n Ortado\u011fu ve Afrika \u00dclkelerine \u00d6zel Temsilcisi D\u0131\u015fi\u015fleri Bakan Yrd. Mihail Bogdanov, Suriye\u2019nin Moskova B\u00fcy\u00fckel\u00e7isi Dr. R\u0131yad Haddad ile g\u00f6r\u00fc\u015fmesinde Suriye ve \u00e7evresindeki durumlar\u0131 g\u00f6r\u00fc\u015ft\u00fc.<\/p>\n<p>Bir beyan \u00e7\u0131karak Rus D\u0131\u015fi\u015fleri Bakanl\u0131\u011f\u0131, Bogdanov\u2019un g\u00f6r\u00fc\u015fme s\u0131ras\u0131nda Suriye Arap Cumhuriyeti\u2019nin toprak b\u00fct\u00fcnl\u00fc\u011f\u00fc ve egemenl\u011fine \u00fclkesinin deste\u011fine vurgulad\u0131\u011f\u0131n\u0131 aktard\u0131.<\/p>\n<p>Beyana g\u00f6re bogdanov, Suriye\u2019nin uluslararas\u0131 ter\u00f6re kar\u015f\u0131 sava\u015f\u0131nda Rusya\u2019n\u0131n etkin ve devaml\u0131 deste\u011fini yineledi.<\/p>\n<p>Beyan, iki taraf\u0131n Suriye\u2019nin yeniden yap\u0131land\u0131rma s\u00fcrecini h\u0131zland\u0131racak \u015fekilde ekonomik ve insani alanlarda ikili i\u015fbirli\u011finin g\u00f6r\u00fc\u015ft\u00fcklerini ekledi.<\/p>\n<p>Kumeyt Yusuf<\/p>\n<p>&nbsp;<\/p>\n<p>&nbsp;<\/p>\n<p>&nbsp;<\/p>\n","protected":false},"excerpt":{"rendered":"<p>MOSKOVA \u2013 Rusya Ba\u015fkan\u0131\u2019n\u0131n Ortado\u011fu ve Afrika \u00dclkelerine \u00d6zel Temsilcisi D\u0131\u015fi\u015fleri Bakan Yrd. Mihail Bogdanov, Suriye\u2019nin Moskova B\u00fcy\u00fckel\u00e7isi Dr. R\u0131yad Haddad ile g\u00f6r\u00fc\u015fmesinde Suriye ve \u00e7evresindeki durumlar\u0131 g\u00f6r\u00fc\u015ft\u00fc. Bir beyan \u00e7\u0131karak Rus D\u0131\u015fi\u015fleri Bakanl\u0131\u011f\u0131, Bogdanov\u2019un g\u00f6r\u00fc\u015fme s\u0131ras\u0131nda Suriye Arap Cumhuriyeti\u2019nin toprak b\u00fct\u00fcnl\u00fc\u011f\u00fc ve egemenl\u011fine \u00fclkesinin deste\u011fine vurgulad\u0131\u011f\u0131n\u0131 aktard\u0131. Beyana g\u00f6re bogdanov, Suriye\u2019nin uluslararas\u0131 ter\u00f6re kar\u015f\u0131 &hellip;<\/p>\n","protected":false},"author":1,"featured_media":211161,"comment_status":"closed","ping_status":"closed","sticky":false,"template":"","format":"standard","meta":{"footnotes":""},"categories":[458,459,17988],"tags":[],"class_list":["post-211160","post","type-post","status-publish","format-standard","has-post-thumbnail","","category-dunya1","category-haberler-arap-uluslararasi-politika","category-son-haberler"],"_links":{"self":[{"href":"https:\/\/archive.sana.sy\/tr\/index.php?rest_route=\/wp\/v2\/posts\/211160","targetHints":{"allow":["GET"]}}],"collection":[{"href":"https:\/\/archive.sana.sy\/tr\/index.php?rest_route=\/wp\/v2\/posts"}],"about":[{"href":"https:\/\/archive.sana.sy\/tr\/index.php?rest_route=\/wp\/v2\/types\/post"}],"author":[{"embeddable":true,"href":"https:\/\/archive.sana.sy\/tr\/index.php?rest_route=\/wp\/v2\/users\/1"}],"replies":[{"embeddable":true,"href":"https:\/\/archive.sana.sy\/tr\/index.php?rest_route=%2Fwp%2Fv2%2Fcomments&post=211160"}],"version-history":[{"count":0,"href":"https:\/\/archive.sana.sy\/tr\/index.php?rest_route=\/wp\/v2\/posts\/211160\/revisions"}],"wp:featuredmedia":[{"embeddable":true,"href":"https:\/\/archive.sana.sy\/tr\/index.php?rest_route=\/wp\/v2\/media\/211161"}],"wp:attachment":[{"href":"https:\/\/archive.sana.sy\/tr\/index.php?rest_route=%2Fwp%2Fv2%2Fmedia&parent=211160"}],"wp:term":[{"taxonomy":"category","embeddable":true,"href":"https:\/\/archive.sana.sy\/tr\/index.php?rest_route=%2Fwp%2Fv2%2Fcategories&post=211160"},{"taxonomy":"post_tag","embeddable":true,"href":"https:\/\/archive.sana.sy\/tr\/index.php?rest_route=%2Fwp%2Fv2%2Ftags&post=211160"}],"curies":[{"name":"wp","href":"https:\/\/api.w.org\/{rel}","templated":true}]}}