{"id":211170,"date":"2020-06-10T01:12:33","date_gmt":"2020-06-09T22:12:33","guid":{"rendered":"http:\/\/www.sana.sy\/tr\/?p=211170"},"modified":"2020-06-12T08:25:42","modified_gmt":"2020-06-12T05:25:42","slug":"iki-suriyeli-genc-kiz-japonya-on-seckin-genc-kisi-yarismasina-yukseliyor","status":"publish","type":"post","link":"https:\/\/archive.sana.sy\/tr\/?p=211170","title":{"rendered":"\u0130ki Suriyeli Gen\u00e7 K\u0131z, Japonya \u2018On Se\u00e7kin Gen\u00e7 Ki\u015fi\u2019\u2019 Yar\u0131\u015fmas\u0131na Y\u00fckseliyor"},"content":{"rendered":"<p>HOMS \u2013 gen\u00e7 k\u0131zlar Eczac\u0131l\u0131k ve g\u0131da bilimi y\u00fckseklisans mezunu Visam Zem ve \u0130\u015fletme mezunu \u00a0Alaa El Tar\u015fe, Japonya \u2018On Se\u00e7kin Gen\u00e7 Ki\u015fi\u2019\u2019 yar\u0131\u015fmas\u0131na kat\u0131lmak \u00fczere y\u00fckseldi.<\/p>\n<p>\u0130ki gen\u00e7 k\u0131z Homs ulusal bazda \u00a0\u2018On Se\u00e7kin Gen\u00e7 Ki\u015fi\u2019\u2019 2020 yar\u0131\u015fmas\u0131nda kazand\u0131ktan sonra se\u00e7ildi.<\/p>\n<p>Bu ba\u011flamda Homs Gen\u00e7lik Odas\u0131 Uluslararas\u0131 Sekt\u00f6r B\u015fk. Yrd. Safvat Kebbar, d\u00fcnyada en g\u00f6zde olan yar\u0131\u015fman\u0131n 1983\u2019ten beri Gen\u00e7lik Odas\u0131\u2019n\u0131n resmi programlar\u0131ndan biri oldu\u011funu belirtti.<\/p>\n<p>Kendi y\u00f6n\u00fcnden Visam Zem, 40 bilimsel makale yay\u0131mlad\u0131\u011f\u0131 \u00a0ve halihaz\u0131rda bir\u00e7ok bilimsel dergide yaz\u0131i\u015fleri g\u00f6revi yapmakta oldu\u011funu ifade etti.<\/p>\n<p>&nbsp;<\/p>\n","protected":false},"excerpt":{"rendered":"<p>HOMS \u2013 gen\u00e7 k\u0131zlar Eczac\u0131l\u0131k ve g\u0131da bilimi y\u00fckseklisans mezunu Visam Zem ve \u0130\u015fletme mezunu \u00a0Alaa El Tar\u015fe, Japonya \u2018On Se\u00e7kin Gen\u00e7 Ki\u015fi\u2019\u2019 yar\u0131\u015fmas\u0131na kat\u0131lmak \u00fczere y\u00fckseldi. \u0130ki gen\u00e7 k\u0131z Homs ulusal bazda \u00a0\u2018On Se\u00e7kin Gen\u00e7 Ki\u015fi\u2019\u2019 2020 yar\u0131\u015fmas\u0131nda kazand\u0131ktan sonra se\u00e7ildi. Bu ba\u011flamda Homs Gen\u00e7lik Odas\u0131 Uluslararas\u0131 Sekt\u00f6r B\u015fk. Yrd. Safvat Kebbar, d\u00fcnyada en &hellip;<\/p>\n","protected":false},"author":1,"featured_media":211173,"comment_status":"closed","ping_status":"closed","sticky":false,"template":"","format":"standard","meta":{"footnotes":""},"categories":[479,17988,478],"tags":[],"class_list":["post-211170","post","type-post","status-publish","format-standard","has-post-thumbnail","","category-haberler-yerel","category-son-haberler","category-yerel"],"_links":{"self":[{"href":"https:\/\/archive.sana.sy\/tr\/index.php?rest_route=\/wp\/v2\/posts\/211170","targetHints":{"allow":["GET"]}}],"collection":[{"href":"https:\/\/archive.sana.sy\/tr\/index.php?rest_route=\/wp\/v2\/posts"}],"about":[{"href":"https:\/\/archive.sana.sy\/tr\/index.php?rest_route=\/wp\/v2\/types\/post"}],"author":[{"embeddable":true,"href":"https:\/\/archive.sana.sy\/tr\/index.php?rest_route=\/wp\/v2\/users\/1"}],"replies":[{"embeddable":true,"href":"https:\/\/archive.sana.sy\/tr\/index.php?rest_route=%2Fwp%2Fv2%2Fcomments&post=211170"}],"version-history":[{"count":0,"href":"https:\/\/archive.sana.sy\/tr\/index.php?rest_route=\/wp\/v2\/posts\/211170\/revisions"}],"wp:featuredmedia":[{"embeddable":true,"href":"https:\/\/archive.sana.sy\/tr\/index.php?rest_route=\/wp\/v2\/media\/211173"}],"wp:attachment":[{"href":"https:\/\/archive.sana.sy\/tr\/index.php?rest_route=%2Fwp%2Fv2%2Fmedia&parent=211170"}],"wp:term":[{"taxonomy":"category","embeddable":true,"href":"https:\/\/archive.sana.sy\/tr\/index.php?rest_route=%2Fwp%2Fv2%2Fcategories&post=211170"},{"taxonomy":"post_tag","embeddable":true,"href":"https:\/\/archive.sana.sy\/tr\/index.php?rest_route=%2Fwp%2Fv2%2Ftags&post=211170"}],"curies":[{"name":"wp","href":"https:\/\/api.w.org\/{rel}","templated":true}]}}