{"id":21121,"date":"2015-01-18T19:21:01","date_gmt":"2015-01-18T17:21:01","guid":{"rendered":"http:\/\/www.sana.sy\/tr\/?p=21121"},"modified":"2015-01-18T19:47:12","modified_gmt":"2015-01-18T17:47:12","slug":"abd-uzun-yillar-oncesinden-bu-yana-terore-destek-veriyor","status":"publish","type":"post","link":"https:\/\/archive.sana.sy\/tr\/?p=21121","title":{"rendered":"ABD Uzun Y\u0131llar \u00d6ncesinden Bu Yana Ter\u00f6re Destek Veriyor"},"content":{"rendered":"<p>WASH\u0130NGTON \u2013 ABD y\u00f6netimi Suriye&#8217;de \u201cIl\u0131ml\u0131 Muhalefet\u201d olarak isimlendirdi\u011fi ABD \u00e7\u0131karlar\u0131na hizmet etme e\u011filiminde olan ter\u00f6ristlere askeri e\u011fitim vermek \u00fczere 1000 asker g\u00f6nderdi\u011fini ilan etmesinin ard\u0131ndan k\u0131sa bir s\u00fcre ge\u00e7tikten sonra, ter\u00f6r\u00fc desteklemede kendisiyle ortak olan Suudi Arabistan ve Katar gibi \u00fclkelere s\u00f6z konusu askeri e\u011fitimin ve ter\u00f6ristleri silahland\u0131rman\u0131n y\u00f6ntemlerini tart\u0131\u015fmak \u00fczere heyetlerini g\u00f6ndermeye ba\u015flad\u0131.<\/p>\n<p>AFP Haber Ajans\u0131 bug\u00fcn yay\u0131nlad\u0131\u011f\u0131 bir raporda ABD\u2019li yetkililer ile Suudi Arabistan ve Katarl\u0131 yetkililer aras\u0131nda s\u00fcren g\u00f6r\u00fc\u015fmelerin Washington\u2019un \u201cSuriye&#8217;de Il\u0131ml\u0131 Muhalefet\u201d olarak isimlendirdi\u011fi ter\u00f6ristlerin silahland\u0131r\u0131lmas\u0131 ve e\u011fitilmesi y\u00f6ntemlerine odakland\u0131\u011f\u0131n\u0131 dile getirdi.<\/p>\n<p>ABD\u2019nin Suudi Arabistan ve Katar\u2019a g\u00f6nderdi\u011fi heyetlerden birinin ba\u015fkanl\u0131\u011f\u0131n\u0131 \u00fcstelenen ABD Senatosu \u00dcyesi John Mccain Suriye&#8217;ye kar\u015f\u0131 provokasyonda hi\u00e7bir \u015fekilde s\u0131n\u0131r tan\u0131mayan ve silahl\u0131 ter\u00f6r gruplar\u0131n\u0131n en ileri eleba\u015flar\u0131yla g\u00f6r\u00fc\u015fmekten hi\u00e7bir \u015fekilde ka\u00e7\u0131nmayan ki\u015fili\u011fi ile uzun bir s\u00fcre dikkatleri \u00e7eken bir isim oldu.<\/p>\n<p>Bilinece\u011fi \u00fczere ABD D\u0131\u015fi\u015fleri Bakanl\u0131\u011f\u0131 Pentagon \u00f6nceki g\u00fcn yapt\u0131\u011f\u0131 a\u00e7\u0131klamada Suudi Arabistan, Katar ve T\u00fcrkiye\u2019de bulunan kamplardaki ter\u00f6ristlere askeri e\u011fitim vermek \u00fczere 1000 asker g\u00f6nderece\u011fini ilan etmi\u015f ve bu \u00e7er\u00e7evede ad\u0131 ge\u00e7en \u00fclkelere ilk heyetlerini g\u00f6ndermi\u015fti.<\/p>\n<p>Tabii ki Pentagon\u2019un bu ilan\u0131 ABD\u2019nin ter\u00f6re askeri destek verdi\u011fini ortaya \u00e7\u0131kartan ilk olay olmad\u0131. ABD \u0130stihbarat Birimi CIA\u2019n\u0131n uzun y\u0131llardan bu yana ter\u00f6ristlere askeri e\u011fitim verdi\u011fi a\u00e7\u0131k ve net bir \u015fekilde bilinmektedir.<\/p>\n<p>Ter\u00f6ristlere askeri e\u011fitim verme operasyonlar\u0131 \u00dcrd\u00fcn\u2019de ba\u015flam\u0131\u015f ve ard\u0131ndan ba\u015fta Katar olmak \u00fczere di\u011fer \u00fclkelere de yay\u0131lmaya devam etti. Ard\u0131ndan Suudi Arabistan y\u00f6netimi kendi s\u0131n\u0131rlar\u0131nda binlerce ter\u00f6riste e\u011fitim verecek kamplar kurulmas\u0131 i\u00e7in haz\u0131r oldu\u011funu ilan etti.<\/p>\n<p>&nbsp;<\/p>\n<p>F. B. &#8211; A. A.<\/p>\n","protected":false},"excerpt":{"rendered":"<p>WASH\u0130NGTON \u2013 ABD y\u00f6netimi Suriye&#8217;de \u201cIl\u0131ml\u0131 Muhalefet\u201d olarak isimlendirdi\u011fi ABD \u00e7\u0131karlar\u0131na hizmet etme e\u011filiminde olan ter\u00f6ristlere askeri e\u011fitim vermek \u00fczere 1000 asker g\u00f6nderdi\u011fini ilan etmesinin ard\u0131ndan k\u0131sa bir s\u00fcre ge\u00e7tikten sonra, ter\u00f6r\u00fc desteklemede kendisiyle ortak olan Suudi Arabistan ve Katar gibi \u00fclkelere s\u00f6z konusu askeri e\u011fitimin ve ter\u00f6ristleri silahland\u0131rman\u0131n y\u00f6ntemlerini tart\u0131\u015fmak \u00fczere heyetlerini g\u00f6ndermeye ba\u015flad\u0131. &hellip;<\/p>\n","protected":false},"author":1,"featured_media":21122,"comment_status":"closed","ping_status":"closed","sticky":false,"template":"","format":"standard","meta":{"footnotes":""},"categories":[458,459,447],"tags":[10232,10234,10233],"class_list":["post-21121","post","type-post","status-publish","format-standard","has-post-thumbnail","","category-dunya1","category-haberler-arap-uluslararasi-politika","category-politika","tag-abd-uzun-yillar-oncesinden-bu-yana-terore-destek-veriyor-washington-abd-yonetimi-suriyede-ilimli-muhalefet-olarak-isimlendirdigi-abd-cikarlarina-hizmet-etme-egiliminde-ola","tag-katar-ve-turkiyede-bulunan-kamplardaki-teroristlere-askeri-egitim-vermek-uzere-1000-asker-gonderecegini-ilan-etmis-ve-bu-cercevede-adi-gecen-ulkelere-ilk-heyetlerini-gondermisti-tabii-ki-pen","tag-teroru-desteklemede-kendisiyle-ortak-olan-suudi-arabistan-ve-katar-gibi-ulkelere-soz-konusu-askeri-egitimin-ve-teroristleri-silahlandirmanin-yontemlerini-tartismak-uzere-heyetlerini-gondermeye-basladi"],"_links":{"self":[{"href":"https:\/\/archive.sana.sy\/tr\/index.php?rest_route=\/wp\/v2\/posts\/21121","targetHints":{"allow":["GET"]}}],"collection":[{"href":"https:\/\/archive.sana.sy\/tr\/index.php?rest_route=\/wp\/v2\/posts"}],"about":[{"href":"https:\/\/archive.sana.sy\/tr\/index.php?rest_route=\/wp\/v2\/types\/post"}],"author":[{"embeddable":true,"href":"https:\/\/archive.sana.sy\/tr\/index.php?rest_route=\/wp\/v2\/users\/1"}],"replies":[{"embeddable":true,"href":"https:\/\/archive.sana.sy\/tr\/index.php?rest_route=%2Fwp%2Fv2%2Fcomments&post=21121"}],"version-history":[{"count":0,"href":"https:\/\/archive.sana.sy\/tr\/index.php?rest_route=\/wp\/v2\/posts\/21121\/revisions"}],"wp:featuredmedia":[{"embeddable":true,"href":"https:\/\/archive.sana.sy\/tr\/index.php?rest_route=\/wp\/v2\/media\/21122"}],"wp:attachment":[{"href":"https:\/\/archive.sana.sy\/tr\/index.php?rest_route=%2Fwp%2Fv2%2Fmedia&parent=21121"}],"wp:term":[{"taxonomy":"category","embeddable":true,"href":"https:\/\/archive.sana.sy\/tr\/index.php?rest_route=%2Fwp%2Fv2%2Fcategories&post=21121"},{"taxonomy":"post_tag","embeddable":true,"href":"https:\/\/archive.sana.sy\/tr\/index.php?rest_route=%2Fwp%2Fv2%2Ftags&post=21121"}],"curies":[{"name":"wp","href":"https:\/\/api.w.org\/{rel}","templated":true}]}}