{"id":211328,"date":"2020-06-11T23:50:19","date_gmt":"2020-06-11T20:50:19","guid":{"rendered":"http:\/\/sanasyria.org\/tr\/?p=211328"},"modified":"2020-06-12T08:30:13","modified_gmt":"2020-06-12T05:30:13","slug":"sam-kirsali-ras-el-maarrada-12-koronavirus-vakasi-daha-kaydedildi","status":"publish","type":"post","link":"https:\/\/archive.sana.sy\/tr\/?p=211328","title":{"rendered":"\u015eam K\u0131rsal\u0131 Ras El Maarra&#8217;da 12 Koronavir\u00fcs Vakas\u0131 Daha Kaydedildi"},"content":{"rendered":"<p>\u015eAM \u2013 Sa\u011fl\u0131k Bakanl\u0131\u011f\u0131 \u015eam K\u0131rsal\u0131 Ras el Maarra&#8217;da temas halinde olan 12 \u015fahs\u0131n daha korona vir\u00fcs\u00fcne yakaland\u0131klar\u0131n\u0131 b\u00f6ylece Suriye&#8217;de tescil edilen vaka say\u0131s\u0131n\u0131n 164&#8217;e y\u00fckseldi\u011fini ilan etti.<\/p>\n<p>Bakanl\u0131k yay\u0131nlad\u0131\u011f\u0131 ve SANA&#8217;n\u0131n bir n\u00fcshas\u0131n\u0131 ald\u0131\u011f\u0131 beyan\u0131nda, Suriye&#8217;de tescil edilen korona vir\u00fcs vakas\u0131 bilan\u00e7osunun \u015fimdiye kadar 164&#8217;e y\u00fckseldi\u011fini bunlardan 64&#8217;\u00fcn\u00fcn iyile\u015fti\u011fini 6&#8217;s\u0131n\u0131n da vefat etti\u011fini a\u00e7\u0131klad\u0131.<\/p>\n","protected":false},"excerpt":{"rendered":"<p>\u015eAM \u2013 Sa\u011fl\u0131k Bakanl\u0131\u011f\u0131 \u015eam K\u0131rsal\u0131 Ras el Maarra&#8217;da temas halinde olan 12 \u015fahs\u0131n daha korona vir\u00fcs\u00fcne yakaland\u0131klar\u0131n\u0131 b\u00f6ylece Suriye&#8217;de tescil edilen vaka say\u0131s\u0131n\u0131n 164&#8217;e y\u00fckseldi\u011fini ilan etti. Bakanl\u0131k yay\u0131nlad\u0131\u011f\u0131 ve SANA&#8217;n\u0131n bir n\u00fcshas\u0131n\u0131 ald\u0131\u011f\u0131 beyan\u0131nda, Suriye&#8217;de tescil edilen korona vir\u00fcs vakas\u0131 bilan\u00e7osunun \u015fimdiye kadar 164&#8217;e y\u00fckseldi\u011fini bunlardan 64&#8217;\u00fcn\u00fcn iyile\u015fti\u011fini 6&#8217;s\u0131n\u0131n da vefat etti\u011fini a\u00e7\u0131klad\u0131.<\/p>\n","protected":false},"author":1,"featured_media":211329,"comment_status":"closed","ping_status":"closed","sticky":false,"template":"","format":"standard","meta":{"footnotes":""},"categories":[526,479,17988,525,478],"tags":[],"class_list":["post-211328","post","type-post","status-publish","format-standard","has-post-thumbnail","","category-haber-ve-raporlar","category-haberler-yerel","category-son-haberler","category-toplum","category-yerel"],"_links":{"self":[{"href":"https:\/\/archive.sana.sy\/tr\/index.php?rest_route=\/wp\/v2\/posts\/211328","targetHints":{"allow":["GET"]}}],"collection":[{"href":"https:\/\/archive.sana.sy\/tr\/index.php?rest_route=\/wp\/v2\/posts"}],"about":[{"href":"https:\/\/archive.sana.sy\/tr\/index.php?rest_route=\/wp\/v2\/types\/post"}],"author":[{"embeddable":true,"href":"https:\/\/archive.sana.sy\/tr\/index.php?rest_route=\/wp\/v2\/users\/1"}],"replies":[{"embeddable":true,"href":"https:\/\/archive.sana.sy\/tr\/index.php?rest_route=%2Fwp%2Fv2%2Fcomments&post=211328"}],"version-history":[{"count":0,"href":"https:\/\/archive.sana.sy\/tr\/index.php?rest_route=\/wp\/v2\/posts\/211328\/revisions"}],"wp:featuredmedia":[{"embeddable":true,"href":"https:\/\/archive.sana.sy\/tr\/index.php?rest_route=\/wp\/v2\/media\/211329"}],"wp:attachment":[{"href":"https:\/\/archive.sana.sy\/tr\/index.php?rest_route=%2Fwp%2Fv2%2Fmedia&parent=211328"}],"wp:term":[{"taxonomy":"category","embeddable":true,"href":"https:\/\/archive.sana.sy\/tr\/index.php?rest_route=%2Fwp%2Fv2%2Fcategories&post=211328"},{"taxonomy":"post_tag","embeddable":true,"href":"https:\/\/archive.sana.sy\/tr\/index.php?rest_route=%2Fwp%2Fv2%2Ftags&post=211328"}],"curies":[{"name":"wp","href":"https:\/\/api.w.org\/{rel}","templated":true}]}}