{"id":211404,"date":"2020-06-12T23:59:01","date_gmt":"2020-06-12T20:59:01","guid":{"rendered":"http:\/\/www.sana.sy\/tr\/?p=211404"},"modified":"2020-06-14T10:15:22","modified_gmt":"2020-06-14T07:15:22","slug":"bakanlik-komitesi-bati-sam-kirsalini-gezdi-hizmet-duzeyinin-yukseltilmesi-istekleri","status":"publish","type":"post","link":"https:\/\/archive.sana.sy\/tr\/?p=211404","title":{"rendered":"Bakanl\u0131k Komitesi Bat\u0131 \u015eam K\u0131rsal\u0131&#8217;n\u0131 Gezdi.. Hizmet D\u00fczeyinin Y\u00fckseltilmesi \u0130stekleri"},"content":{"rendered":"<p style=\"text-align: justify;\">\u015eAM KIRSALI &#8211; \u015eam k\u0131rsal\u0131 ilinde tar\u0131m, hizmet ve ya\u015fam ko\u015fullar\u0131n\u0131 takip etmekle g\u00f6revli Bakanl\u0131k Komitesi, Cebel el \u015eeyh, Katana, ve Sasa Beldelerine ba\u011fl\u0131 baz\u0131 k\u00f6ylere yap\u0131lan ziyaret s\u0131ras\u0131nda, tar\u0131m ve tar\u0131m sekt\u00f6r\u00fcndeki vatanda\u015flar\u0131n kar\u015f\u0131la\u015ft\u0131\u011f\u0131 en \u00f6nemli zorluklar\u0131 ve sorunlar\u0131 g\u00f6zden ge\u00e7irdi.<\/p>\n<p><a href=\"http:\/\/www.sana.sy\/tr\/wp-content\/uploads\/2020\/06\/2-4.jpg\"><img loading=\"lazy\" decoding=\"async\" class=\"size-medium wp-image-211406 alignright\" src=\"http:\/\/www.sana.sy\/tr\/wp-content\/uploads\/2020\/06\/2-4-300x180.jpg\" alt=\"\" width=\"300\" height=\"180\" srcset=\"https:\/\/archive.sana.sy\/tr\/wp-content\/uploads\/2020\/06\/2-4-300x180.jpg 300w, https:\/\/archive.sana.sy\/tr\/wp-content\/uploads\/2020\/06\/2-4-150x90.jpg 150w, https:\/\/archive.sana.sy\/tr\/wp-content\/uploads\/2020\/06\/2-4-768x461.jpg 768w, https:\/\/archive.sana.sy\/tr\/wp-content\/uploads\/2020\/06\/2-4.jpg 1000w\" sizes=\"auto, (max-width: 300px) 100vw, 300px\" \/><\/a><\/p>\n<p style=\"text-align: justify;\">Komite, Katana b\u00f6lgesindeki El Basil mahallesini incelemesi s\u0131ras\u0131nda toplanan vatanda\u015flar, Katana halk\u0131n\u0131n vatanda\u015flar\u0131n y\u00fck\u00fcn\u00fc azaltmak i\u00e7in hizmet seviyesinin iyile\u015ftirilmesi, yollar\u0131n ve kanalizasyon \u015febekelerinin korunmas\u0131, asfaltlanmas\u0131 ve su \u015febekesinin uygulanmas\u0131n\u0131n tamamlanmas\u0131 gerekti\u011fini belirtti.<\/p>\n<p style=\"text-align: justify;\">\u0130\u00e7 Ticaret ve T\u00fcketicinin Korunmas\u0131 Bakan\u0131 Talal El Barazi, Katana&#8217;daki baz\u0131 vatanda\u015flarla yapt\u0131\u011f\u0131 g\u00f6r\u00fc\u015fme s\u0131ras\u0131nda t\u00fcm salonlar\u0131n \u00e7al\u0131\u015faca\u011f\u0131n\u0131, \u00f6zellikle pirin\u00e7 ve \u015feker gibi \u00e7e\u015fitli malzemelerin tedarik edilece\u011fini ve ani turlarda kurum salonlar\u0131ndaki kusurlar\u0131n al\u0131naca\u011f\u0131n\u0131 s\u00f6yleyerek, piyasa fiyatlar\u0131n\u0131n y\u00fczde 15 &#8211; 30 aras\u0131nda daha az oldu\u011funu belirtti ve; &#8220;Fiyatlar\u0131n \u00fc\u00e7 g\u00fcnde bir de\u011ferlendirilmesi var ve buna g\u00f6re malzeme fiyatland\u0131r\u0131l\u0131yor&#8221; dedi.<\/p>\n<p><a href=\"http:\/\/www.sana.sy\/tr\/wp-content\/uploads\/2020\/06\/3-4.jpg\"><img loading=\"lazy\" decoding=\"async\" class=\"size-medium wp-image-211407 alignright\" src=\"http:\/\/www.sana.sy\/tr\/wp-content\/uploads\/2020\/06\/3-4-300x180.jpg\" alt=\"\" width=\"300\" height=\"180\" srcset=\"https:\/\/archive.sana.sy\/tr\/wp-content\/uploads\/2020\/06\/3-4-300x180.jpg 300w, https:\/\/archive.sana.sy\/tr\/wp-content\/uploads\/2020\/06\/3-4-150x90.jpg 150w, https:\/\/archive.sana.sy\/tr\/wp-content\/uploads\/2020\/06\/3-4-768x461.jpg 768w, https:\/\/archive.sana.sy\/tr\/wp-content\/uploads\/2020\/06\/3-4.jpg 1000w\" sizes=\"auto, (max-width: 300px) 100vw, 300px\" \/><\/a><\/p>\n<p style=\"text-align: justify;\">Arna, Cendel Kalesi ve Saasa b\u00f6lgesindeki komite ile yap\u0131lan halka a\u00e7\u0131k bir toplant\u0131da, \u00e7ift\u00e7ilerin umudunun, tar\u0131m sekt\u00f6r\u00fc, \u00fcr\u00fcnlerinin, \u00f6zellikle elma hasad\u0131n\u0131n, g\u00fcbre, ila\u00e7 ve ya\u011flar\u0131n pazarlanmas\u0131na y\u00f6nelik destek ve yard\u0131mlar\u0131n\u0131n yan\u0131 s\u0131ra ulusal ekonomiyi desteklemeye katk\u0131da bulunacak \u015fekilde d\u0131\u015f pazarlar\u0131 a\u00e7man\u0131n t\u00fcm gerekliliklerini gerekli \u00f6zen g\u00f6sterecek ve g\u00fcvence alt\u0131na al\u0131nmas\u0131 oldu\u011funu belirterek, yeni bir tar\u0131msal yol a\u011flar\u0131n\u0131n a\u00e7\u0131lmas\u0131 ve a\u00e7\u0131k yollar\u0131 korumak i\u00e7in \u00e7a\u011fr\u0131da bulundular.<\/p>\n<p style=\"text-align: justify;\">Gezi, komitenin baz\u0131 \u00e7ift\u00e7iler ve vatanda\u015flarla bulu\u015ftu\u011fu, ac\u0131lar\u0131n\u0131 ve taleplerini dinledikleri ve bunlar\u0131 uygulamaya s\u00f6z verdikleri Derbel, Heyna, Mu\u011fr el Mir ve Saasa Nahiyesini kapsad\u0131.<\/p>\n<p style=\"text-align: justify;\">Komite yeni Dimas sivil yerle\u015fim kenti projesini de gezerek yetkililerden proje hakk\u0131nda bilgi ald\u0131.<\/p>\n<p><a href=\"http:\/\/www.sana.sy\/tr\/wp-content\/uploads\/2020\/06\/6-3.jpg\"><img loading=\"lazy\" decoding=\"async\" class=\"size-medium wp-image-211408 alignright\" src=\"http:\/\/www.sana.sy\/tr\/wp-content\/uploads\/2020\/06\/6-3-300x180.jpg\" alt=\"\" width=\"300\" height=\"180\" srcset=\"https:\/\/archive.sana.sy\/tr\/wp-content\/uploads\/2020\/06\/6-3-300x180.jpg 300w, https:\/\/archive.sana.sy\/tr\/wp-content\/uploads\/2020\/06\/6-3-150x90.jpg 150w, https:\/\/archive.sana.sy\/tr\/wp-content\/uploads\/2020\/06\/6-3-768x461.jpg 768w, https:\/\/archive.sana.sy\/tr\/wp-content\/uploads\/2020\/06\/6-3.jpg 1000w\" sizes=\"auto, (max-width: 300px) 100vw, 300px\" \/><\/a><\/p>\n<p style=\"text-align: justify;\">Maliye Bakan\u0131 Dr. Mamun Hamdan \u00a0gezi s\u0131ras\u0131nda yapt\u0131\u011f\u0131 a\u00e7\u0131klamada, \u015eam K\u0131rsal\u0131 \u0130linin ilerletilmesi i\u00e7in Katana ve Cebel el \u015eeyh b\u00f6lgeleri de dahil olmak \u00fczere tar\u0131m ve hizmet projelerini uygulamak i\u00e7in b\u00fcy\u00fck mali finansa ihtiyac\u0131 oldu\u011funu, ancak Cendal Kalesi i\u00e7in su \u00e7ekme ve \u00f6zellikle k\u00fc\u00e7\u00fck ve mikro ekonomik tesisleri destekleme projesi gibi \u00f6nceliklerin bulundu\u011funu, bu b\u00f6lgede tar\u0131ma olan ge\u00e7im kaynaklar\u0131na ba\u011fl\u0131 olarak aile ve tar\u0131m projelerinin uygulanmas\u0131n\u0131n art\u0131r\u0131lmas\u0131 i\u00e7in gerekli kredilerin sa\u011flanaca\u011f\u0131n\u0131 dile getirdi.<\/p>\n<p><a href=\"http:\/\/www.sana.sy\/tr\/wp-content\/uploads\/2020\/06\/13-2.jpg\"><img loading=\"lazy\" decoding=\"async\" class=\"size-medium wp-image-211410 alignright\" src=\"http:\/\/www.sana.sy\/tr\/wp-content\/uploads\/2020\/06\/13-2-300x180.jpg\" alt=\"\" width=\"300\" height=\"180\" srcset=\"https:\/\/archive.sana.sy\/tr\/wp-content\/uploads\/2020\/06\/13-2-300x180.jpg 300w, https:\/\/archive.sana.sy\/tr\/wp-content\/uploads\/2020\/06\/13-2-150x90.jpg 150w, https:\/\/archive.sana.sy\/tr\/wp-content\/uploads\/2020\/06\/13-2-768x461.jpg 768w, https:\/\/archive.sana.sy\/tr\/wp-content\/uploads\/2020\/06\/13-2.jpg 1000w\" sizes=\"auto, (max-width: 300px) 100vw, 300px\" \/><\/a><\/p>\n<p style=\"text-align: justify;\">\u015eam Valisi M\u00fchendis Alaa Munir \u0130brahim, bu gezinin \u00f6neminin, do\u011frudan b\u00f6lgenin ihtiya\u00e7lar\u0131na ve halk\u0131n sorunlar\u0131n\u0131 ve taleplerini dinlemeye ek olarak finanse edilmesi gereken projelere bakmak ve t\u00fcm insanlar\u0131n ihtiya\u00e7 ve taleplerini takip etmek oldu\u011funu s\u00f6yledi.<\/p>\n<p style=\"text-align: justify;\">Bakasam K\u00f6y\u00fcnde de \u015fehitler an\u0131t\u0131, Arne b\u00f6lgesinde de \u015eehitler Meydan\u0131n\u0131n a\u00e7\u0131l\u0131\u015f\u0131 yap\u0131ld\u0131.<\/p>\n<p style=\"text-align: justify;\">Geziye Sanayi Bakan\u0131 M\u00fch. Muhammed Maan Zeynel Abidin Cezbe, Petrol ve Madeni Kaynaklar Bakan\u0131 M\u00fch. Ali Ganim, Yat\u0131r\u0131m \u0130\u015flerinden Sorumlu Devlet Bakan\u0131 M\u00fch. Vefika H\u00fcsn\u00fc ile \u015eam K\u0131rsal\u0131 ilinde hizmet, yerel, tar\u0131m ve sanayi faaliyetlerin kurum ve m\u00fcd\u00fcrleri kat\u0131ld\u0131.<\/p>\n<div id='gallery-1' class='gallery galleryid-211404 gallery-columns-4 gallery-size-full'><figure class='gallery-item'>\n\t\t\t<div class='gallery-icon landscape'>\n\t\t\t\t<a href='https:\/\/archive.sana.sy\/tr\/wp-content\/uploads\/2020\/06\/4-4.jpg'><img loading=\"lazy\" decoding=\"async\" width=\"660\" height=\"370\" src=\"https:\/\/archive.sana.sy\/tr\/wp-content\/uploads\/2020\/06\/4-4.jpg\" class=\"attachment-full size-full\" alt=\"\" srcset=\"https:\/\/archive.sana.sy\/tr\/wp-content\/uploads\/2020\/06\/4-4.jpg 660w, https:\/\/archive.sana.sy\/tr\/wp-content\/uploads\/2020\/06\/4-4-300x168.jpg 300w, https:\/\/archive.sana.sy\/tr\/wp-content\/uploads\/2020\/06\/4-4-150x84.jpg 150w\" sizes=\"auto, (max-width: 660px) 100vw, 660px\" \/><\/a>\n\t\t\t<\/div><\/figure><figure class='gallery-item'>\n\t\t\t<div class='gallery-icon landscape'>\n\t\t\t\t<a href='https:\/\/archive.sana.sy\/tr\/wp-content\/uploads\/2020\/06\/5-4.jpg'><img loading=\"lazy\" decoding=\"async\" width=\"1000\" height=\"600\" src=\"https:\/\/archive.sana.sy\/tr\/wp-content\/uploads\/2020\/06\/5-4.jpg\" class=\"attachment-full size-full\" alt=\"\" srcset=\"https:\/\/archive.sana.sy\/tr\/wp-content\/uploads\/2020\/06\/5-4.jpg 1000w, https:\/\/archive.sana.sy\/tr\/wp-content\/uploads\/2020\/06\/5-4-300x180.jpg 300w, https:\/\/archive.sana.sy\/tr\/wp-content\/uploads\/2020\/06\/5-4-150x90.jpg 150w, https:\/\/archive.sana.sy\/tr\/wp-content\/uploads\/2020\/06\/5-4-768x461.jpg 768w\" sizes=\"auto, (max-width: 1000px) 100vw, 1000px\" \/><\/a>\n\t\t\t<\/div><\/figure><figure class='gallery-item'>\n\t\t\t<div class='gallery-icon landscape'>\n\t\t\t\t<a href='https:\/\/archive.sana.sy\/tr\/wp-content\/uploads\/2020\/06\/5-97.jpg'><img loading=\"lazy\" decoding=\"async\" width=\"1000\" height=\"600\" src=\"https:\/\/archive.sana.sy\/tr\/wp-content\/uploads\/2020\/06\/5-97.jpg\" class=\"attachment-full size-full\" alt=\"\" srcset=\"https:\/\/archive.sana.sy\/tr\/wp-content\/uploads\/2020\/06\/5-97.jpg 1000w, https:\/\/archive.sana.sy\/tr\/wp-content\/uploads\/2020\/06\/5-97-300x180.jpg 300w, https:\/\/archive.sana.sy\/tr\/wp-content\/uploads\/2020\/06\/5-97-150x90.jpg 150w, https:\/\/archive.sana.sy\/tr\/wp-content\/uploads\/2020\/06\/5-97-768x461.jpg 768w\" sizes=\"auto, (max-width: 1000px) 100vw, 1000px\" \/><\/a>\n\t\t\t<\/div><\/figure><figure class='gallery-item'>\n\t\t\t<div class='gallery-icon landscape'>\n\t\t\t\t<a href='https:\/\/archive.sana.sy\/tr\/wp-content\/uploads\/2020\/06\/7-3.jpg'><img loading=\"lazy\" decoding=\"async\" width=\"1000\" height=\"600\" src=\"https:\/\/archive.sana.sy\/tr\/wp-content\/uploads\/2020\/06\/7-3.jpg\" class=\"attachment-full size-full\" alt=\"\" srcset=\"https:\/\/archive.sana.sy\/tr\/wp-content\/uploads\/2020\/06\/7-3.jpg 1000w, https:\/\/archive.sana.sy\/tr\/wp-content\/uploads\/2020\/06\/7-3-300x180.jpg 300w, https:\/\/archive.sana.sy\/tr\/wp-content\/uploads\/2020\/06\/7-3-150x90.jpg 150w, https:\/\/archive.sana.sy\/tr\/wp-content\/uploads\/2020\/06\/7-3-768x461.jpg 768w\" sizes=\"auto, (max-width: 1000px) 100vw, 1000px\" \/><\/a>\n\t\t\t<\/div><\/figure><figure class='gallery-item'>\n\t\t\t<div class='gallery-icon landscape'>\n\t\t\t\t<a href='https:\/\/archive.sana.sy\/tr\/wp-content\/uploads\/2020\/06\/8-4.jpg'><img loading=\"lazy\" decoding=\"async\" width=\"1000\" height=\"600\" src=\"https:\/\/archive.sana.sy\/tr\/wp-content\/uploads\/2020\/06\/8-4.jpg\" class=\"attachment-full size-full\" alt=\"\" srcset=\"https:\/\/archive.sana.sy\/tr\/wp-content\/uploads\/2020\/06\/8-4.jpg 1000w, https:\/\/archive.sana.sy\/tr\/wp-content\/uploads\/2020\/06\/8-4-300x180.jpg 300w, https:\/\/archive.sana.sy\/tr\/wp-content\/uploads\/2020\/06\/8-4-150x90.jpg 150w, https:\/\/archive.sana.sy\/tr\/wp-content\/uploads\/2020\/06\/8-4-768x461.jpg 768w\" sizes=\"auto, (max-width: 1000px) 100vw, 1000px\" \/><\/a>\n\t\t\t<\/div><\/figure><figure class='gallery-item'>\n\t\t\t<div class='gallery-icon landscape'>\n\t\t\t\t<a href='https:\/\/archive.sana.sy\/tr\/wp-content\/uploads\/2020\/06\/10-2.jpg'><img loading=\"lazy\" decoding=\"async\" width=\"1000\" height=\"600\" src=\"https:\/\/archive.sana.sy\/tr\/wp-content\/uploads\/2020\/06\/10-2.jpg\" class=\"attachment-full size-full\" alt=\"\" srcset=\"https:\/\/archive.sana.sy\/tr\/wp-content\/uploads\/2020\/06\/10-2.jpg 1000w, https:\/\/archive.sana.sy\/tr\/wp-content\/uploads\/2020\/06\/10-2-300x180.jpg 300w, https:\/\/archive.sana.sy\/tr\/wp-content\/uploads\/2020\/06\/10-2-150x90.jpg 150w, https:\/\/archive.sana.sy\/tr\/wp-content\/uploads\/2020\/06\/10-2-768x461.jpg 768w\" sizes=\"auto, (max-width: 1000px) 100vw, 1000px\" \/><\/a>\n\t\t\t<\/div><\/figure><figure class='gallery-item'>\n\t\t\t<div class='gallery-icon landscape'>\n\t\t\t\t<a href='https:\/\/archive.sana.sy\/tr\/wp-content\/uploads\/2020\/06\/11-2.jpg'><img loading=\"lazy\" decoding=\"async\" width=\"1000\" height=\"600\" src=\"https:\/\/archive.sana.sy\/tr\/wp-content\/uploads\/2020\/06\/11-2.jpg\" class=\"attachment-full size-full\" alt=\"\" srcset=\"https:\/\/archive.sana.sy\/tr\/wp-content\/uploads\/2020\/06\/11-2.jpg 1000w, https:\/\/archive.sana.sy\/tr\/wp-content\/uploads\/2020\/06\/11-2-300x180.jpg 300w, https:\/\/archive.sana.sy\/tr\/wp-content\/uploads\/2020\/06\/11-2-150x90.jpg 150w, https:\/\/archive.sana.sy\/tr\/wp-content\/uploads\/2020\/06\/11-2-768x461.jpg 768w\" sizes=\"auto, (max-width: 1000px) 100vw, 1000px\" \/><\/a>\n\t\t\t<\/div><\/figure><figure class='gallery-item'>\n\t\t\t<div class='gallery-icon landscape'>\n\t\t\t\t<a href='https:\/\/archive.sana.sy\/tr\/wp-content\/uploads\/2020\/06\/12-2.jpg'><img loading=\"lazy\" decoding=\"async\" width=\"1000\" height=\"600\" src=\"https:\/\/archive.sana.sy\/tr\/wp-content\/uploads\/2020\/06\/12-2.jpg\" class=\"attachment-full size-full\" alt=\"\" srcset=\"https:\/\/archive.sana.sy\/tr\/wp-content\/uploads\/2020\/06\/12-2.jpg 1000w, https:\/\/archive.sana.sy\/tr\/wp-content\/uploads\/2020\/06\/12-2-300x180.jpg 300w, https:\/\/archive.sana.sy\/tr\/wp-content\/uploads\/2020\/06\/12-2-150x90.jpg 150w, https:\/\/archive.sana.sy\/tr\/wp-content\/uploads\/2020\/06\/12-2-768x461.jpg 768w\" sizes=\"auto, (max-width: 1000px) 100vw, 1000px\" \/><\/a>\n\t\t\t<\/div><\/figure>\n\t\t<\/div>\n\n","protected":false},"excerpt":{"rendered":"<p>\u015eAM KIRSALI &#8211; \u015eam k\u0131rsal\u0131 ilinde tar\u0131m, hizmet ve ya\u015fam ko\u015fullar\u0131n\u0131 takip etmekle g\u00f6revli Bakanl\u0131k Komitesi, Cebel el \u015eeyh, Katana, ve Sasa Beldelerine ba\u011fl\u0131 baz\u0131 k\u00f6ylere yap\u0131lan ziyaret s\u0131ras\u0131nda, tar\u0131m ve tar\u0131m sekt\u00f6r\u00fcndeki vatanda\u015flar\u0131n kar\u015f\u0131la\u015ft\u0131\u011f\u0131 en \u00f6nemli zorluklar\u0131 ve sorunlar\u0131 g\u00f6zden ge\u00e7irdi. Komite, Katana b\u00f6lgesindeki El Basil mahallesini incelemesi s\u0131ras\u0131nda toplanan vatanda\u015flar, Katana halk\u0131n\u0131n vatanda\u015flar\u0131n &hellip;<\/p>\n","protected":false},"author":1,"featured_media":211405,"comment_status":"closed","ping_status":"closed","sticky":false,"template":"","format":"standard","meta":{"footnotes":""},"categories":[526,479,17988,525,478],"tags":[],"class_list":["post-211404","post","type-post","status-publish","format-standard","has-post-thumbnail","","category-haber-ve-raporlar","category-haberler-yerel","category-son-haberler","category-toplum","category-yerel"],"_links":{"self":[{"href":"https:\/\/archive.sana.sy\/tr\/index.php?rest_route=\/wp\/v2\/posts\/211404","targetHints":{"allow":["GET"]}}],"collection":[{"href":"https:\/\/archive.sana.sy\/tr\/index.php?rest_route=\/wp\/v2\/posts"}],"about":[{"href":"https:\/\/archive.sana.sy\/tr\/index.php?rest_route=\/wp\/v2\/types\/post"}],"author":[{"embeddable":true,"href":"https:\/\/archive.sana.sy\/tr\/index.php?rest_route=\/wp\/v2\/users\/1"}],"replies":[{"embeddable":true,"href":"https:\/\/archive.sana.sy\/tr\/index.php?rest_route=%2Fwp%2Fv2%2Fcomments&post=211404"}],"version-history":[{"count":0,"href":"https:\/\/archive.sana.sy\/tr\/index.php?rest_route=\/wp\/v2\/posts\/211404\/revisions"}],"wp:featuredmedia":[{"embeddable":true,"href":"https:\/\/archive.sana.sy\/tr\/index.php?rest_route=\/wp\/v2\/media\/211405"}],"wp:attachment":[{"href":"https:\/\/archive.sana.sy\/tr\/index.php?rest_route=%2Fwp%2Fv2%2Fmedia&parent=211404"}],"wp:term":[{"taxonomy":"category","embeddable":true,"href":"https:\/\/archive.sana.sy\/tr\/index.php?rest_route=%2Fwp%2Fv2%2Fcategories&post=211404"},{"taxonomy":"post_tag","embeddable":true,"href":"https:\/\/archive.sana.sy\/tr\/index.php?rest_route=%2Fwp%2Fv2%2Ftags&post=211404"}],"curies":[{"name":"wp","href":"https:\/\/api.w.org\/{rel}","templated":true}]}}