{"id":21155,"date":"2015-01-18T21:50:33","date_gmt":"2015-01-18T19:50:33","guid":{"rendered":"http:\/\/www.sana.sy\/tr\/?p=21155"},"modified":"2015-01-18T21:51:43","modified_gmt":"2015-01-18T19:51:43","slug":"toplumsal-iyilesme-saglayacak-bir-nufus-stratejisi-olusturma-yontemleri-tartisildi","status":"publish","type":"post","link":"https:\/\/archive.sana.sy\/tr\/?p=21155","title":{"rendered":"Toplumsal \u0130yile\u015fme Sa\u011flayacak Bir N\u00fcfus Stratejisi Olu\u015fturma Y\u00f6ntemleri Tart\u0131\u015f\u0131ld\u0131"},"content":{"rendered":"<p>\u015eAM \u2013 Suriye Aile ve N\u00fcfus \u0130\u015fleri Komisyonunun, BM N\u00fcfus Fonu ile i\u015fbirli\u011fi i\u00e7erisinde bug\u00fcn \u015eam otelinde d\u00fczenledi\u011fi \u00e7al\u0131\u015ftay kat\u0131l\u0131mc\u0131lar\u0131 \u00fclkede ya\u015fanan krizin olumsuz etkilerini giderecek ve toplumsal iyile\u015fme sa\u011flayacak bir n\u00fcfus stratejisi geli\u015ftirme y\u00f6ntemleri tart\u0131\u015f\u0131ld\u0131.<\/p>\n<p>\u00d6ncelikli olarak ilgilenilmesi gereken problemlerin ba\u015f\u0131nda i\u00e7 ve d\u0131\u015f g\u00f6\u00e7 konusu oldu\u011funa i\u015faret eden kat\u0131l\u0131mc\u0131lar, ya\u015fanan olaylar sonucu zorla evlerinden g\u00f6\u00e7 ettirilen n\u00fcfusun belli b\u00f6lgelere ak\u0131n etmesiyle meydana gelen ya\u015famsal problemlerin \u00e7\u00f6z\u00fcm y\u00f6ntemleri tart\u0131\u015f\u0131ld\u0131.<\/p>\n<p>\u00c7al\u0131\u015ftay\u0131n a\u00e7\u0131l\u0131\u015f konu\u015fmas\u0131n\u0131 yapan Sosyal \u0130\u015fler Bakan\u0131 Yard\u0131mc\u0131s\u0131 Vail Bideyn; \u00fclkede ya\u015fanmakta olan ko\u015fullar\u0131n g\u00f6z \u00f6n\u00fcnde bulundurularak n\u00fcfus politikas\u0131 ve palan\u0131 olu\u015fturulmas\u0131 gere\u011fine dikkat \u00e7ekerek belirlenecek politika ve planlar\u0131n sa\u011fl\u0131k, sosyal ve ekonomik ko\u015fullar\u0131n iyile\u015ftirilmesiyle olu\u015fturulacak bir zeminde uygulanabilece\u011fini belirtti.<\/p>\n<p>\u00d6te yandan Aileden \u0130\u015fleri Komisyonu Ba\u015fkan\u0131\u00a0 Hedil el Esmer; kriz etkisiyle meydana gelen n\u00fcfus problemleri ile m\u00fccadele etmenin \u00f6nemine i\u015faret ederek krizin n\u00fcfus yap\u0131s\u0131 \u00fczerinde yaratt\u0131\u011f\u0131 bozulmalar\u0131n giderilmesinde ilgili b\u00fct\u00fcn kurumlar\u0131n \u00e7abalar\u0131n\u0131 birle\u015ftirmesi gere\u011fini vurgulad\u0131.<\/p>\n<p>BM N\u00fcfus Fonu Temsilcisi Ranya Abdullah Ebu Hasan; BM N\u00fcfus Fonunun, ba\u015fta Uluslararas\u0131 N\u00fcfus ve Kalk\u0131nma Konferans\u0131nda belirlenen hedefler olmak \u00fczere Suriye&#8217;de ilgili kurumlar\u0131n olu\u015fturacaklar\u0131 plan ve projeler \u00e7er\u00e7evesinde i\u015fbirli\u011fi yapmaya haz\u0131r oldu\u011funu ifade etti.<\/p>\n<p>\u00c7al\u0131\u015ftayda, 1994 y\u0131l\u0131 Eyl\u00fcl ay\u0131nda 180 devletin kat\u0131l\u0131m\u0131yla d\u00fczenlenen ve n\u00fcfus ile kalk\u0131nma aras\u0131ndaki ba\u011flant\u0131 \u00fczerine yo\u011funla\u015fan Uluslararas\u0131 N\u00fcfus ve Kalk\u0131nma Konferans\u0131n\u0131n \u00e7al\u0131\u015fma program\u0131 takdim edildi.<\/p>\n<p>&nbsp;<\/p>\n<div id='gallery-1' class='gallery galleryid-21155 gallery-columns-2 gallery-size-thumbnail'><figure class='gallery-item'>\n\t\t\t<div class='gallery-icon landscape'>\n\t\t\t\t<a href='https:\/\/archive.sana.sy\/tr\/wp-content\/uploads\/2015\/01\/\u00e7al\u0131\u015ftay-3.jpg'><img loading=\"lazy\" decoding=\"async\" width=\"150\" height=\"89\" src=\"https:\/\/archive.sana.sy\/tr\/wp-content\/uploads\/2015\/01\/\u00e7al\u0131\u015ftay-3-150x89.jpg\" class=\"attachment-thumbnail size-thumbnail\" alt=\"\" srcset=\"https:\/\/archive.sana.sy\/tr\/wp-content\/uploads\/2015\/01\/\u00e7al\u0131\u015ftay-3-150x89.jpg 150w, https:\/\/archive.sana.sy\/tr\/wp-content\/uploads\/2015\/01\/\u00e7al\u0131\u015ftay-3-300x178.jpg 300w, https:\/\/archive.sana.sy\/tr\/wp-content\/uploads\/2015\/01\/\u00e7al\u0131\u015ftay-3-1024x607.jpg 1024w\" sizes=\"auto, (max-width: 150px) 100vw, 150px\" \/><\/a>\n\t\t\t<\/div><\/figure><figure class='gallery-item'>\n\t\t\t<div class='gallery-icon landscape'>\n\t\t\t\t<a href='https:\/\/archive.sana.sy\/tr\/wp-content\/uploads\/2015\/01\/\u00e7al\u0131\u015ftay-2.jpg'><img loading=\"lazy\" decoding=\"async\" width=\"150\" height=\"86\" src=\"https:\/\/archive.sana.sy\/tr\/wp-content\/uploads\/2015\/01\/\u00e7al\u0131\u015ftay-2-150x86.jpg\" class=\"attachment-thumbnail size-thumbnail\" alt=\"\" srcset=\"https:\/\/archive.sana.sy\/tr\/wp-content\/uploads\/2015\/01\/\u00e7al\u0131\u015ftay-2-150x86.jpg 150w, https:\/\/archive.sana.sy\/tr\/wp-content\/uploads\/2015\/01\/\u00e7al\u0131\u015ftay-2-300x172.jpg 300w, https:\/\/archive.sana.sy\/tr\/wp-content\/uploads\/2015\/01\/\u00e7al\u0131\u015ftay-2-1024x585.jpg 1024w\" sizes=\"auto, (max-width: 150px) 100vw, 150px\" \/><\/a>\n\t\t\t<\/div><\/figure>\n\t\t<\/div>\n\n<p>&nbsp;<\/p>\n<p>F. B. &#8211; A. A.<\/p>\n","protected":false},"excerpt":{"rendered":"<p>\u015eAM \u2013 Suriye Aile ve N\u00fcfus \u0130\u015fleri Komisyonunun, BM N\u00fcfus Fonu ile i\u015fbirli\u011fi i\u00e7erisinde bug\u00fcn \u015eam otelinde d\u00fczenledi\u011fi \u00e7al\u0131\u015ftay kat\u0131l\u0131mc\u0131lar\u0131 \u00fclkede ya\u015fanan krizin olumsuz etkilerini giderecek ve toplumsal iyile\u015fme sa\u011flayacak bir n\u00fcfus stratejisi geli\u015ftirme y\u00f6ntemleri tart\u0131\u015f\u0131ld\u0131. \u00d6ncelikli olarak ilgilenilmesi gereken problemlerin ba\u015f\u0131nda i\u00e7 ve d\u0131\u015f g\u00f6\u00e7 konusu oldu\u011funa i\u015faret eden kat\u0131l\u0131mc\u0131lar, ya\u015fanan olaylar sonucu zorla &hellip;<\/p>\n","protected":false},"author":1,"featured_media":21156,"comment_status":"closed","ping_status":"closed","sticky":false,"template":"","format":"standard","meta":{"footnotes":""},"categories":[479,478],"tags":[10254,10253,10250,10252,10249,10251],"class_list":["post-21155","post","type-post","status-publish","format-standard","has-post-thumbnail","","category-haberler-yerel","category-yerel","tag-1994-yili-eylul-ayinda-180-devletin-katilimiyla-duzenlenen-ve-nufus-ile-kalkinma-arasindaki-baglanti-uzerine-yogunlasan-uluslararasi-nufus-ve-kalkinma-konferansinin-calisma-programi-takdim-edildi","tag-basta-uluslararasi-nufus-ve-kalkinma-konferansinda-belirlenen-hedefler-olmak-uzere-suriyede-ilgili-kurumlarin-olusturacaklari-plan-ve-projeler-cercevesinde-isbirligi-yapmaya-hazir-oldugunu-ifade-etti","tag-bm-nufus-fonu-ile-isbirligi-icerisinde-bugun-sam-otelinde-duzenledigi-calistay-katilimcilari-ulkede-yasanan-krizin-olumsuz-etkilerini-giderecek-ve-toplumsal-iyilesme-saglayacak-bir-nufus-stratejisi-ge","tag-sosyal-ve-ekonomik-kosullarin-iyilestirilmesiyle-olusturulacak-bir-zeminde-uygulanabilecegini-belirtti-ote-yandan-aileden-isleri-komisyonu-baskani-hedil-el-esmer-kriz-etkisiyle-meydana-gelen-nufus-p","tag-toplumsal-iyilesme-saglayacak-bir-nufus-stratejisi-olusturma-yontemleri-tartisildi-sam-suriye-aile-ve-nufus-isleri-komisyonunun","tag-yasanan-olaylar-sonucu-zorla-evlerinden-goc-ettirilen-nufusun-belli-bolgelere-akin-etmesiyle-meydana-gelen-yasamsal-problemlerin-cozum-yontemleri-tartisildi-calistayin-acilis-konusmasini-yapan-sosyal"],"_links":{"self":[{"href":"https:\/\/archive.sana.sy\/tr\/index.php?rest_route=\/wp\/v2\/posts\/21155","targetHints":{"allow":["GET"]}}],"collection":[{"href":"https:\/\/archive.sana.sy\/tr\/index.php?rest_route=\/wp\/v2\/posts"}],"about":[{"href":"https:\/\/archive.sana.sy\/tr\/index.php?rest_route=\/wp\/v2\/types\/post"}],"author":[{"embeddable":true,"href":"https:\/\/archive.sana.sy\/tr\/index.php?rest_route=\/wp\/v2\/users\/1"}],"replies":[{"embeddable":true,"href":"https:\/\/archive.sana.sy\/tr\/index.php?rest_route=%2Fwp%2Fv2%2Fcomments&post=21155"}],"version-history":[{"count":0,"href":"https:\/\/archive.sana.sy\/tr\/index.php?rest_route=\/wp\/v2\/posts\/21155\/revisions"}],"wp:featuredmedia":[{"embeddable":true,"href":"https:\/\/archive.sana.sy\/tr\/index.php?rest_route=\/wp\/v2\/media\/21156"}],"wp:attachment":[{"href":"https:\/\/archive.sana.sy\/tr\/index.php?rest_route=%2Fwp%2Fv2%2Fmedia&parent=21155"}],"wp:term":[{"taxonomy":"category","embeddable":true,"href":"https:\/\/archive.sana.sy\/tr\/index.php?rest_route=%2Fwp%2Fv2%2Fcategories&post=21155"},{"taxonomy":"post_tag","embeddable":true,"href":"https:\/\/archive.sana.sy\/tr\/index.php?rest_route=%2Fwp%2Fv2%2Ftags&post=21155"}],"curies":[{"name":"wp","href":"https:\/\/api.w.org\/{rel}","templated":true}]}}