{"id":211681,"date":"2020-06-15T15:13:01","date_gmt":"2020-06-15T12:13:01","guid":{"rendered":"http:\/\/www.sana.sy\/tr\/?p=211681"},"modified":"2020-06-16T13:20:09","modified_gmt":"2020-06-16T10:20:09","slug":"turk-isgaline-tabi-kiralik-teroristler-hasekenin-cemalo-ve-mreykiz-koylerindeki-sivillerin-arazilerini-yakiyor","status":"publish","type":"post","link":"https:\/\/archive.sana.sy\/tr\/?p=211681","title":{"rendered":"T\u00fcrk \u0130\u015fgaline Tabi Kiral\u0131k Ter\u00f6ristler Koruma Paras\u0131 \u00d6demek \u0130stemeyen K\u00f6yl\u00fclerin Arazilerini Yak\u0131yor"},"content":{"rendered":"<p>HASEKE \u2013 Haseke k\u0131rsal\u0131n\u0131n baz\u0131 b\u00f6lgelerinde yay\u0131lm\u0131\u015f olan T\u00fcrk i\u015fgaline tabi\u00a0 kiral\u0131k ter\u00f6ristler b\u00f6lge halk\u0131na ka\u015fr\u0131 uygulad\u0131klar\u0131 zorbal\u0131klar\u0131na devam ederek Rasul Ayn k\u0131rsal\u0131ndaki Cemalo ve Mreykiz k\u00f6ylerindeki koruma paras\u0131n\u0131 \u00f6demeyi reddeden ahalilerin arazilerini ate\u015fe verdi.<\/p>\n<p>Yerel kaynaklar SANA muhabirine yapt\u0131klar\u0131 a\u00e7\u0131klamada; Rasul Ayn k\u0131rsal\u0131ndaki Cemalo ve Mreykiz K\u00f6ylerindeki ahalilerin ter\u00f6ristlere koruma paras\u0131n\u0131 \u00f6demeyi redetmeleri ard\u0131ndan tar\u0131msal arazilerinin T\u00fcrk i\u015fgalinden destekli ter\u00f6r gruplar\u0131 taraf\u0131ndan ate\u015fe verildiklerini belirtti.<\/p>\n<p>Kaynaklar; bahsedilen k\u00f6ylerindeki arazilerinin yak\u0131ld\u0131\u011f\u0131 ahalilerin T\u00fcrk i\u015fgalinin ve ona tabi kiral\u0131k ter\u00f6ristlerin zorbal\u0131klar\u0131 proteso etmek i\u00e7in g\u00f6sterilere \u00e7\u0131kt\u0131klar\u0131n\u0131 ve k\u00f6ylerden ge\u00e7en karayollar\u0131n\u0131 kestiklerini belirtti.<\/p>\n<p>Kaynaklar ayr\u0131ca; i\u015fgalci T\u00fcrk g\u00fc\u00e7lerinin ve onalara tabi kiral\u0131k ter\u00f6ristlerin Cemalo ve Mreykiz K\u00f6ylerine silahl\u0131 bir \u015fekilde bast\u0131klar\u0131n\u0131 ve baz\u0131 sivilleri ka\u00e7\u0131rd\u0131klar\u0131 anda arazilerinin yakmas\u0131n\u0131 protesto eden ahalilerin g\u00f6sterilerini da\u011f\u0131tmak i\u00e7in canl\u0131 ate\u015f a\u00e7t\u0131klar\u0131n\u0131 belirtti.<\/p>\n<p>\u00c7eviri: P.M.<\/p>\n<div id='gallery-1' class='gallery galleryid-211681 gallery-columns-1 gallery-size-full'><figure class='gallery-item'>\n\t\t\t<div class='gallery-icon landscape'>\n\t\t\t\t<a href='https:\/\/archive.sana.sy\/tr\/wp-content\/uploads\/2020\/06\/hasaka12-1.jpg'><img loading=\"lazy\" decoding=\"async\" width=\"660\" height=\"380\" src=\"https:\/\/archive.sana.sy\/tr\/wp-content\/uploads\/2020\/06\/hasaka12-1.jpg\" class=\"attachment-full size-full\" alt=\"\" srcset=\"https:\/\/archive.sana.sy\/tr\/wp-content\/uploads\/2020\/06\/hasaka12-1.jpg 660w, https:\/\/archive.sana.sy\/tr\/wp-content\/uploads\/2020\/06\/hasaka12-1-300x173.jpg 300w, https:\/\/archive.sana.sy\/tr\/wp-content\/uploads\/2020\/06\/hasaka12-1-150x86.jpg 150w\" sizes=\"auto, (max-width: 660px) 100vw, 660px\" \/><\/a>\n\t\t\t<\/div><\/figure><figure class='gallery-item'>\n\t\t\t<div class='gallery-icon landscape'>\n\t\t\t\t<a href='https:\/\/archive.sana.sy\/tr\/wp-content\/uploads\/2020\/06\/hasaka13-1.jpg'><img loading=\"lazy\" decoding=\"async\" width=\"660\" height=\"380\" src=\"https:\/\/archive.sana.sy\/tr\/wp-content\/uploads\/2020\/06\/hasaka13-1.jpg\" class=\"attachment-full size-full\" alt=\"\" srcset=\"https:\/\/archive.sana.sy\/tr\/wp-content\/uploads\/2020\/06\/hasaka13-1.jpg 660w, https:\/\/archive.sana.sy\/tr\/wp-content\/uploads\/2020\/06\/hasaka13-1-300x173.jpg 300w, https:\/\/archive.sana.sy\/tr\/wp-content\/uploads\/2020\/06\/hasaka13-1-150x86.jpg 150w\" sizes=\"auto, (max-width: 660px) 100vw, 660px\" \/><\/a>\n\t\t\t<\/div><\/figure>\n\t\t<\/div>\n\n","protected":false},"excerpt":{"rendered":"<p>HASEKE \u2013 Haseke k\u0131rsal\u0131n\u0131n baz\u0131 b\u00f6lgelerinde yay\u0131lm\u0131\u015f olan T\u00fcrk i\u015fgaline tabi\u00a0 kiral\u0131k ter\u00f6ristler b\u00f6lge halk\u0131na ka\u015fr\u0131 uygulad\u0131klar\u0131 zorbal\u0131klar\u0131na devam ederek Rasul Ayn k\u0131rsal\u0131ndaki Cemalo ve Mreykiz k\u00f6ylerindeki koruma paras\u0131n\u0131 \u00f6demeyi reddeden ahalilerin arazilerini ate\u015fe verdi. Yerel kaynaklar SANA muhabirine yapt\u0131klar\u0131 a\u00e7\u0131klamada; Rasul Ayn k\u0131rsal\u0131ndaki Cemalo ve Mreykiz K\u00f6ylerindeki ahalilerin ter\u00f6ristlere koruma paras\u0131n\u0131 \u00f6demeyi redetmeleri ard\u0131ndan &hellip;<\/p>\n","protected":false},"author":1,"featured_media":211684,"comment_status":"closed","ping_status":"closed","sticky":false,"template":"","format":"standard","meta":{"footnotes":""},"categories":[479,575,17988,478],"tags":[],"class_list":["post-211681","post","type-post","status-publish","format-standard","has-post-thumbnail","","category-haberler-yerel","category-olaylar-ve-gercekler","category-son-haberler","category-yerel"],"_links":{"self":[{"href":"https:\/\/archive.sana.sy\/tr\/index.php?rest_route=\/wp\/v2\/posts\/211681","targetHints":{"allow":["GET"]}}],"collection":[{"href":"https:\/\/archive.sana.sy\/tr\/index.php?rest_route=\/wp\/v2\/posts"}],"about":[{"href":"https:\/\/archive.sana.sy\/tr\/index.php?rest_route=\/wp\/v2\/types\/post"}],"author":[{"embeddable":true,"href":"https:\/\/archive.sana.sy\/tr\/index.php?rest_route=\/wp\/v2\/users\/1"}],"replies":[{"embeddable":true,"href":"https:\/\/archive.sana.sy\/tr\/index.php?rest_route=%2Fwp%2Fv2%2Fcomments&post=211681"}],"version-history":[{"count":0,"href":"https:\/\/archive.sana.sy\/tr\/index.php?rest_route=\/wp\/v2\/posts\/211681\/revisions"}],"wp:featuredmedia":[{"embeddable":true,"href":"https:\/\/archive.sana.sy\/tr\/index.php?rest_route=\/wp\/v2\/media\/211684"}],"wp:attachment":[{"href":"https:\/\/archive.sana.sy\/tr\/index.php?rest_route=%2Fwp%2Fv2%2Fmedia&parent=211681"}],"wp:term":[{"taxonomy":"category","embeddable":true,"href":"https:\/\/archive.sana.sy\/tr\/index.php?rest_route=%2Fwp%2Fv2%2Fcategories&post=211681"},{"taxonomy":"post_tag","embeddable":true,"href":"https:\/\/archive.sana.sy\/tr\/index.php?rest_route=%2Fwp%2Fv2%2Ftags&post=211681"}],"curies":[{"name":"wp","href":"https:\/\/api.w.org\/{rel}","templated":true}]}}