{"id":211689,"date":"2020-06-15T15:32:38","date_gmt":"2020-06-15T12:32:38","guid":{"rendered":"http:\/\/www.sana.sy\/tr\/?p=211689"},"modified":"2020-06-16T09:47:15","modified_gmt":"2020-06-16T06:47:15","slug":"iran-disisleri-astana-surecinin-garantor-ulkeleri-arasindaki-toplanti-yakinda","status":"publish","type":"post","link":"https:\/\/archive.sana.sy\/tr\/?p=211689","title":{"rendered":"\u0130ran D\u0131\u015fi\u015fleri: Astana S\u00fcrecinin Garant\u00f6r \u00dclkeleri Aras\u0131ndaki Toplant\u0131 Yak\u0131nda D\u00fczenlenecek"},"content":{"rendered":"<p>TAHRAN \u2013 \u0130ran D\u0131\u015fi\u015fleri Bakanl\u0131\u011f\u0131 Suriye krizinin \u00e7\u00f6z\u00fcm\u00fcne y\u00f6nelik Astana S\u00fcrecindeki \u00fc\u00e7 garant\u00f6r \u00fclkelerin yak\u0131nda toplant\u0131da bulunacaklar\u0131n\u0131 a\u00e7\u0131klad\u0131.<\/p>\n<p>\u0130ran D\u0131\u015fi\u015fleri Bakanl\u0131\u011f S\u00f6zc\u00fcs\u00fc Abas Musevi bug\u00fcn bulundu\u011fu bas\u0131n toplant\u0131s\u0131nda; Astana S\u00fcrecindeki garant\u00f6r taraflar \u0130ran, Rusya ve T\u00fcrkiye aras\u0131nda yak\u0131nda video konferans\u0131 \u00fczere toplant\u0131 d\u00fczenleyecklerini a\u00e7\u0131larken toplant\u0131 tarihinin \u0130ran D\u0131\u015fi\u015fleri Bakan\u0131n\u0131n Ankara ve Moskova\u2019ya bulundu\u011fu ziratlerinin s\u0131ras\u0131nda belirlenece\u011fini dile getirdi.<\/p>\n<p>\u00d6te yandan Musevi; \u00fclkesinin Avrupa \u00fclkelerine Amerikan k\u00fcstahl\u0131\u011f\u0131 kar\u015f\u0131s\u0131nda sessiz kalmama \u00e7a\u011fr\u0131s\u0131n\u0131 yenilerken Uluslararas\u0131 Atom Enerjisi Ajans\u0131 Y\u00f6netim Kurulu&#8217;nun Amerikan ve \u0130srail bask\u0131s\u0131na teslim olmayaca\u011f\u0131 umudunu ifade etti.<\/p>\n<p>Musevi; Washington&#8217;un ekonomik ter\u00f6rizmini durdurma gere\u011fini vurgularken \u00fclkesi ile imzalanan n\u00fckleer anla\u015fmaya geri d\u00f6nme \u00e7a\u011fr\u0131s\u0131nda bulundu.<\/p>\n<p>Di\u011fer bir ba\u011flamda Musevi; Birle\u015fmi\u015f Milletler Sekreterli\u011fi&#8217;nin Suudi Aramco tesislerini hedefleyen \u0130ran silahlar\u0131n\u0131n kullan\u0131m\u0131 hakk\u0131ndaki raporunun sadece iddia ve herhangi bir belgeden yoksun oldu\u011funu a\u00e7\u0131klad\u0131.<\/p>\n<p>\u00c7eviri: P.M.<\/p>\n","protected":false},"excerpt":{"rendered":"<p>TAHRAN \u2013 \u0130ran D\u0131\u015fi\u015fleri Bakanl\u0131\u011f\u0131 Suriye krizinin \u00e7\u00f6z\u00fcm\u00fcne y\u00f6nelik Astana S\u00fcrecindeki \u00fc\u00e7 garant\u00f6r \u00fclkelerin yak\u0131nda toplant\u0131da bulunacaklar\u0131n\u0131 a\u00e7\u0131klad\u0131. \u0130ran D\u0131\u015fi\u015fleri Bakanl\u0131\u011f S\u00f6zc\u00fcs\u00fc Abas Musevi bug\u00fcn bulundu\u011fu bas\u0131n toplant\u0131s\u0131nda; Astana S\u00fcrecindeki garant\u00f6r taraflar \u0130ran, Rusya ve T\u00fcrkiye aras\u0131nda yak\u0131nda video konferans\u0131 \u00fczere toplant\u0131 d\u00fczenleyecklerini a\u00e7\u0131larken toplant\u0131 tarihinin \u0130ran D\u0131\u015fi\u015fleri Bakan\u0131n\u0131n Ankara ve Moskova\u2019ya bulundu\u011fu ziratlerinin s\u0131ras\u0131nda &hellip;<\/p>\n","protected":false},"author":1,"featured_media":211691,"comment_status":"closed","ping_status":"closed","sticky":false,"template":"","format":"standard","meta":{"footnotes":""},"categories":[458,459,17988],"tags":[],"class_list":["post-211689","post","type-post","status-publish","format-standard","has-post-thumbnail","","category-dunya1","category-haberler-arap-uluslararasi-politika","category-son-haberler"],"_links":{"self":[{"href":"https:\/\/archive.sana.sy\/tr\/index.php?rest_route=\/wp\/v2\/posts\/211689","targetHints":{"allow":["GET"]}}],"collection":[{"href":"https:\/\/archive.sana.sy\/tr\/index.php?rest_route=\/wp\/v2\/posts"}],"about":[{"href":"https:\/\/archive.sana.sy\/tr\/index.php?rest_route=\/wp\/v2\/types\/post"}],"author":[{"embeddable":true,"href":"https:\/\/archive.sana.sy\/tr\/index.php?rest_route=\/wp\/v2\/users\/1"}],"replies":[{"embeddable":true,"href":"https:\/\/archive.sana.sy\/tr\/index.php?rest_route=%2Fwp%2Fv2%2Fcomments&post=211689"}],"version-history":[{"count":0,"href":"https:\/\/archive.sana.sy\/tr\/index.php?rest_route=\/wp\/v2\/posts\/211689\/revisions"}],"wp:featuredmedia":[{"embeddable":true,"href":"https:\/\/archive.sana.sy\/tr\/index.php?rest_route=\/wp\/v2\/media\/211691"}],"wp:attachment":[{"href":"https:\/\/archive.sana.sy\/tr\/index.php?rest_route=%2Fwp%2Fv2%2Fmedia&parent=211689"}],"wp:term":[{"taxonomy":"category","embeddable":true,"href":"https:\/\/archive.sana.sy\/tr\/index.php?rest_route=%2Fwp%2Fv2%2Fcategories&post=211689"},{"taxonomy":"post_tag","embeddable":true,"href":"https:\/\/archive.sana.sy\/tr\/index.php?rest_route=%2Fwp%2Fv2%2Ftags&post=211689"}],"curies":[{"name":"wp","href":"https:\/\/api.w.org\/{rel}","templated":true}]}}