{"id":211704,"date":"2020-06-15T16:25:53","date_gmt":"2020-06-15T13:25:53","guid":{"rendered":"http:\/\/www.sana.sy\/tr\/?p=211704"},"modified":"2020-06-16T09:47:22","modified_gmt":"2020-06-16T06:47:22","slug":"211704","status":"publish","type":"post","link":"https:\/\/archive.sana.sy\/tr\/?p=211704","title":{"rendered":"ABD&#8217;deki Suriyeli Gurbet\u00e7iler: S\u00f6zde Sezar Yasas\u0131 Ekonomik Sava\u015f ve Siyasi Irk\u00e7\u0131l\u0131\u011f\u0131n \u015eekillerinden Biridir"},"content":{"rendered":"<p>PENS\u0130LVANYA\/WASH\u0130NGTON \u2013 ABD\u2019nin Pensilvanya devletinde ya\u015fayan Suriyeli gurbet\u00e7iler ve onlarla dayanan birka\u00e7 amerikan vatanda\u015flar\u0131 ile Alan Town\u2019un federal merkezinin \u00f6n\u00fcnde Suriye kar\u015f\u0131 uygulanan ekonomik sava\u015f\u0131n\u0131 ve s\u00f6zde Sezar yasas\u0131n\u0131 k\u0131nayan proteso d\u00fczenledi.<\/p>\n<p><img loading=\"lazy\" decoding=\"async\" class=\"alignright size-medium wp-image-211707\" src=\"http:\/\/www.sana.sy\/tr\/wp-content\/uploads\/2020\/06\/2-188-300x213.jpg\" alt=\"\" width=\"300\" height=\"213\" srcset=\"https:\/\/archive.sana.sy\/tr\/wp-content\/uploads\/2020\/06\/2-188-300x213.jpg 300w, https:\/\/archive.sana.sy\/tr\/wp-content\/uploads\/2020\/06\/2-188-150x107.jpg 150w, https:\/\/archive.sana.sy\/tr\/wp-content\/uploads\/2020\/06\/2-188.jpg 660w\" sizes=\"auto, (max-width: 300px) 100vw, 300px\" \/><\/p>\n<p>Protestoda ulusal bayra\u011f\u0131n\u0131 y\u00fckselten protestocular Suriye halk\u0131n\u0131n zor ya\u015fam ko\u015fullar\u0131na neden olan zorlay\u0131c\u0131 ekonomik yapt\u0131r\u0131mlar\u0131n kald\u0131r\u0131lma \u00e7a\u011fr\u0131s\u0131n\u0131 bulunurken ana vatanlar\u0131yla dayan\u0131\u015fmada bulunduklar\u0131n\u0131 ve bat\u0131l\u0131 \u00fclkeler taraf\u0131ndan insanl\u0131ktan yoksun bu t\u00fcr tedbirlerini k\u0131nad\u0131klar\u0131n\u0131 vurgulad\u0131.<\/p>\n<p>Protestoya kat\u0131lan birka\u00e7 amerikan vatanda\u015flar ise, amerikan rejiminin Suriye\u2019ye kar\u015f\u0131 uygulad\u0131\u011f\u0131 siyasetlerini k\u0131nad\u0131klar\u0131n\u0131 ve reddettiklerini ifade etti.<\/p>\n<p>Suriye Amerikan Mimarl\u0131k Derne\u011fi Ba\u015fkan\u0131 Aziz Vehbe; ABD\u2019nin Suriye\u2019ye kar\u015f\u0131 uygulad\u0131\u011f\u0131 bask\u0131 ve yapt\u0131r\u0131mlar politikas\u0131n\u0131 k\u0131narken, s\u00f6zde Sezar yasas\u0131n\u0131n Suriye\u2019nin petrol gibi ve di\u011fer zenginliklerini ya\u011fmalaman\u0131n yan\u0131s\u0131ra Suriye halk\u0131n\u0131 bo\u011fmay\u0131 ama\u00e7layan k\u00fcresel siyasi \u0131rk\u00e7\u0131l\u0131\u011f\u0131n \u015fekilerinden biri oldu\u011funu vurgulad\u0131.<\/p>\n<p>\u00c7eviri: P.M.<\/p>\n<div id='gallery-1' class='gallery galleryid-211704 gallery-columns-1 gallery-size-full'><figure class='gallery-item'>\n\t\t\t<div class='gallery-icon landscape'>\n\t\t\t\t<a href='https:\/\/archive.sana.sy\/tr\/wp-content\/uploads\/2020\/06\/3-147.jpg'><img loading=\"lazy\" decoding=\"async\" width=\"660\" height=\"401\" src=\"https:\/\/archive.sana.sy\/tr\/wp-content\/uploads\/2020\/06\/3-147.jpg\" class=\"attachment-full size-full\" alt=\"\" srcset=\"https:\/\/archive.sana.sy\/tr\/wp-content\/uploads\/2020\/06\/3-147.jpg 660w, https:\/\/archive.sana.sy\/tr\/wp-content\/uploads\/2020\/06\/3-147-300x182.jpg 300w, https:\/\/archive.sana.sy\/tr\/wp-content\/uploads\/2020\/06\/3-147-150x91.jpg 150w\" sizes=\"auto, (max-width: 660px) 100vw, 660px\" \/><\/a>\n\t\t\t<\/div><\/figure>\n\t\t<\/div>\n\n<p>&nbsp;<\/p>\n","protected":false},"excerpt":{"rendered":"<p>PENS\u0130LVANYA\/WASH\u0130NGTON \u2013 ABD\u2019nin Pensilvanya devletinde ya\u015fayan Suriyeli gurbet\u00e7iler ve onlarla dayanan birka\u00e7 amerikan vatanda\u015flar\u0131 ile Alan Town\u2019un federal merkezinin \u00f6n\u00fcnde Suriye kar\u015f\u0131 uygulanan ekonomik sava\u015f\u0131n\u0131 ve s\u00f6zde Sezar yasas\u0131n\u0131 k\u0131nayan proteso d\u00fczenledi. Protestoda ulusal bayra\u011f\u0131n\u0131 y\u00fckselten protestocular Suriye halk\u0131n\u0131n zor ya\u015fam ko\u015fullar\u0131na neden olan zorlay\u0131c\u0131 ekonomik yapt\u0131r\u0131mlar\u0131n kald\u0131r\u0131lma \u00e7a\u011fr\u0131s\u0131n\u0131 bulunurken ana vatanlar\u0131yla dayan\u0131\u015fmada bulunduklar\u0131n\u0131 ve &hellip;<\/p>\n","protected":false},"author":1,"featured_media":211706,"comment_status":"closed","ping_status":"closed","sticky":false,"template":"","format":"standard","meta":{"footnotes":""},"categories":[458,596,459,17988],"tags":[],"class_list":["post-211704","post","type-post","status-publish","format-standard","has-post-thumbnail","","category-dunya1","category-fotografli-raporlar","category-haberler-arap-uluslararasi-politika","category-son-haberler"],"_links":{"self":[{"href":"https:\/\/archive.sana.sy\/tr\/index.php?rest_route=\/wp\/v2\/posts\/211704","targetHints":{"allow":["GET"]}}],"collection":[{"href":"https:\/\/archive.sana.sy\/tr\/index.php?rest_route=\/wp\/v2\/posts"}],"about":[{"href":"https:\/\/archive.sana.sy\/tr\/index.php?rest_route=\/wp\/v2\/types\/post"}],"author":[{"embeddable":true,"href":"https:\/\/archive.sana.sy\/tr\/index.php?rest_route=\/wp\/v2\/users\/1"}],"replies":[{"embeddable":true,"href":"https:\/\/archive.sana.sy\/tr\/index.php?rest_route=%2Fwp%2Fv2%2Fcomments&post=211704"}],"version-history":[{"count":0,"href":"https:\/\/archive.sana.sy\/tr\/index.php?rest_route=\/wp\/v2\/posts\/211704\/revisions"}],"wp:featuredmedia":[{"embeddable":true,"href":"https:\/\/archive.sana.sy\/tr\/index.php?rest_route=\/wp\/v2\/media\/211706"}],"wp:attachment":[{"href":"https:\/\/archive.sana.sy\/tr\/index.php?rest_route=%2Fwp%2Fv2%2Fmedia&parent=211704"}],"wp:term":[{"taxonomy":"category","embeddable":true,"href":"https:\/\/archive.sana.sy\/tr\/index.php?rest_route=%2Fwp%2Fv2%2Fcategories&post=211704"},{"taxonomy":"post_tag","embeddable":true,"href":"https:\/\/archive.sana.sy\/tr\/index.php?rest_route=%2Fwp%2Fv2%2Ftags&post=211704"}],"curies":[{"name":"wp","href":"https:\/\/api.w.org\/{rel}","templated":true}]}}