{"id":211713,"date":"2020-06-15T16:41:41","date_gmt":"2020-06-15T13:41:41","guid":{"rendered":"http:\/\/www.sana.sy\/tr\/?p=211713"},"modified":"2020-07-16T20:45:28","modified_gmt":"2020-07-16T17:45:28","slug":"amerikan-isgali-hasekedeki-yasadisi-usulerine-dogru-yeni-bir-konvoyu-gonderdi","status":"publish","type":"post","link":"https:\/\/archive.sana.sy\/tr\/?p=211713","title":{"rendered":"Amerikan \u0130\u015fgali Haseke&#8217;deki Gayri Me\u015fru \u00dcslerine Do\u011fru Yeni Bir Konvoyu G\u00f6nderdi"},"content":{"rendered":"<p>HASEKE \u2013 \u0130\u015fgalci Amerikan g\u00fc\u00e7leri Suriye\u2019nin el Cezire B\u00f6lgesinde yerle\u015ftirdikleri gayri me\u015fru \u00fc\u015flerini g\u00fc\u00e7lendirmek i\u00e7in 40 askeri ara\u00e7lardan olu\u015fan bir konvoyu Irak ile gayri me\u015fru s\u0131n\u0131r ge\u00e7itleri \u00fczerinden Suriye\u2019ye g\u00f6nderdi.<\/p>\n<p>Cezire B\u00f6lgesindeki Yarubiye\u2019nin k\u0131rsal\u0131nda bulunan Suveydiye K\u00f6y\u00fcnden yerel kaynaklar SANA muhabirine; daha erken saatlerinde bug\u00fcn i\u015fgalci amerikan g\u00fc\u00e7lerinin Irak ile el Velid gayri me\u015fru s\u0131n\u0131r ge\u00e7idi \u00fczerinden lojistik malzemeler ta\u015f\u0131yan bir konvoyla girdiklerini belirtti.<\/p>\n<p>Kaynaklar; i\u015fgalci askeri ara\u00e7lar\u0131n korudu\u011fu kamyonlar\u0131n Amerikan i\u015fgal g\u00fc\u00e7leri taraf\u0131ndan \u00fcslerini korumak amac\u0131yla yal\u0131t\u0131m duvarlar\u0131 in\u015fa etmekte kullan\u0131lan beton plakalarla dolu olduklar\u0131n\u0131 ekledi.<\/p>\n<p>\u00c7eviri: P.M.<\/p>\n","protected":false},"excerpt":{"rendered":"<p>HASEKE \u2013 \u0130\u015fgalci Amerikan g\u00fc\u00e7leri Suriye\u2019nin el Cezire B\u00f6lgesinde yerle\u015ftirdikleri gayri me\u015fru \u00fc\u015flerini g\u00fc\u00e7lendirmek i\u00e7in 40 askeri ara\u00e7lardan olu\u015fan bir konvoyu Irak ile gayri me\u015fru s\u0131n\u0131r ge\u00e7itleri \u00fczerinden Suriye\u2019ye g\u00f6nderdi. Cezire B\u00f6lgesindeki Yarubiye\u2019nin k\u0131rsal\u0131nda bulunan Suveydiye K\u00f6y\u00fcnden yerel kaynaklar SANA muhabirine; daha erken saatlerinde bug\u00fcn i\u015fgalci amerikan g\u00fc\u00e7lerinin Irak ile el Velid gayri me\u015fru s\u0131n\u0131r &hellip;<\/p>\n","protected":false},"author":1,"featured_media":211714,"comment_status":"closed","ping_status":"closed","sticky":false,"template":"","format":"standard","meta":{"footnotes":""},"categories":[479,575,17988,478],"tags":[],"class_list":["post-211713","post","type-post","status-publish","format-standard","has-post-thumbnail","","category-haberler-yerel","category-olaylar-ve-gercekler","category-son-haberler","category-yerel"],"_links":{"self":[{"href":"https:\/\/archive.sana.sy\/tr\/index.php?rest_route=\/wp\/v2\/posts\/211713","targetHints":{"allow":["GET"]}}],"collection":[{"href":"https:\/\/archive.sana.sy\/tr\/index.php?rest_route=\/wp\/v2\/posts"}],"about":[{"href":"https:\/\/archive.sana.sy\/tr\/index.php?rest_route=\/wp\/v2\/types\/post"}],"author":[{"embeddable":true,"href":"https:\/\/archive.sana.sy\/tr\/index.php?rest_route=\/wp\/v2\/users\/1"}],"replies":[{"embeddable":true,"href":"https:\/\/archive.sana.sy\/tr\/index.php?rest_route=%2Fwp%2Fv2%2Fcomments&post=211713"}],"version-history":[{"count":0,"href":"https:\/\/archive.sana.sy\/tr\/index.php?rest_route=\/wp\/v2\/posts\/211713\/revisions"}],"wp:featuredmedia":[{"embeddable":true,"href":"https:\/\/archive.sana.sy\/tr\/index.php?rest_route=\/wp\/v2\/media\/211714"}],"wp:attachment":[{"href":"https:\/\/archive.sana.sy\/tr\/index.php?rest_route=%2Fwp%2Fv2%2Fmedia&parent=211713"}],"wp:term":[{"taxonomy":"category","embeddable":true,"href":"https:\/\/archive.sana.sy\/tr\/index.php?rest_route=%2Fwp%2Fv2%2Fcategories&post=211713"},{"taxonomy":"post_tag","embeddable":true,"href":"https:\/\/archive.sana.sy\/tr\/index.php?rest_route=%2Fwp%2Fv2%2Ftags&post=211713"}],"curies":[{"name":"wp","href":"https:\/\/api.w.org\/{rel}","templated":true}]}}