{"id":211722,"date":"2020-06-15T17:33:25","date_gmt":"2020-06-15T14:33:25","guid":{"rendered":"http:\/\/www.sana.sy\/tr\/?p=211722"},"modified":"2020-06-15T17:33:25","modified_gmt":"2020-06-15T14:33:25","slug":"cenevredeki-bm-burosunda-suriyenin-daimi-temsilcisi-husamettin-ala-insan-haklari-meclisinin-43-oturumunda-bulundugu-kelimede-kentleri-ve-koyleri-imha-etmesi-ve-sakinlerini-tehcir","status":"publish","type":"post","link":"https:\/\/archive.sana.sy\/tr\/?p=211722","title":{"rendered":"Cenevre\u2019deki BM b\u00fcrosunda Suriye\u2019nin daimi temsilcisi H\u00fcsamettin Ala, insan haklar\u0131 meclisinin 43. oturumunda bulundu\u011fu kelimede: Kentleri ve k\u00f6yleri imha etmesi ve sakinlerini tehcir etmesi \u0130srail i\u015fgalinin Filistin ve Suriyeli Golan\u2019\u0131 i\u015fgal etti\u011fi ilk g\u00fcnden beri uygulad\u0131\u011f\u0131 siyasetin esas\u0131d\u0131r"},"content":{"rendered":"<p>Cenevre\u2019deki BM b\u00fcrosunda Suriye\u2019nin daimi temsilcisi H\u00fcsamettin Ala, insan haklar\u0131 meclisinin 43. oturumunda bulundu\u011fu kelimede: Kentleri ve k\u00f6yleri imha etmesi ve sakinlerini tehcir etmesi \u0130srail i\u015fgalinin Filistin ve Suriyeli Golan\u2019\u0131 i\u015fgal etti\u011fi ilk g\u00fcnden beri uygulad\u0131\u011f\u0131 siyasetin esas\u0131d\u0131r.<\/p>\n","protected":false},"excerpt":{"rendered":"<p>Cenevre\u2019deki BM b\u00fcrosunda Suriye\u2019nin daimi temsilcisi H\u00fcsamettin Ala, insan haklar\u0131 meclisinin 43. oturumunda bulundu\u011fu kelimede: Kentleri ve k\u00f6yleri imha etmesi ve sakinlerini tehcir etmesi \u0130srail i\u015fgalinin Filistin ve Suriyeli Golan\u2019\u0131 i\u015fgal etti\u011fi ilk g\u00fcnden beri uygulad\u0131\u011f\u0131 siyasetin esas\u0131d\u0131r.<\/p>\n","protected":false},"author":1,"featured_media":0,"comment_status":"closed","ping_status":"closed","sticky":false,"template":"","format":"standard","meta":{"footnotes":""},"categories":[17991],"tags":[],"class_list":["post-211722","post","type-post","status-publish","format-standard","","category-son-dakika"],"_links":{"self":[{"href":"https:\/\/archive.sana.sy\/tr\/index.php?rest_route=\/wp\/v2\/posts\/211722","targetHints":{"allow":["GET"]}}],"collection":[{"href":"https:\/\/archive.sana.sy\/tr\/index.php?rest_route=\/wp\/v2\/posts"}],"about":[{"href":"https:\/\/archive.sana.sy\/tr\/index.php?rest_route=\/wp\/v2\/types\/post"}],"author":[{"embeddable":true,"href":"https:\/\/archive.sana.sy\/tr\/index.php?rest_route=\/wp\/v2\/users\/1"}],"replies":[{"embeddable":true,"href":"https:\/\/archive.sana.sy\/tr\/index.php?rest_route=%2Fwp%2Fv2%2Fcomments&post=211722"}],"version-history":[{"count":0,"href":"https:\/\/archive.sana.sy\/tr\/index.php?rest_route=\/wp\/v2\/posts\/211722\/revisions"}],"wp:attachment":[{"href":"https:\/\/archive.sana.sy\/tr\/index.php?rest_route=%2Fwp%2Fv2%2Fmedia&parent=211722"}],"wp:term":[{"taxonomy":"category","embeddable":true,"href":"https:\/\/archive.sana.sy\/tr\/index.php?rest_route=%2Fwp%2Fv2%2Fcategories&post=211722"},{"taxonomy":"post_tag","embeddable":true,"href":"https:\/\/archive.sana.sy\/tr\/index.php?rest_route=%2Fwp%2Fv2%2Ftags&post=211722"}],"curies":[{"name":"wp","href":"https:\/\/api.w.org\/{rel}","templated":true}]}}