{"id":211725,"date":"2020-06-15T17:41:43","date_gmt":"2020-06-15T14:41:43","guid":{"rendered":"http:\/\/www.sana.sy\/tr\/?p=211725"},"modified":"2020-06-15T17:45:49","modified_gmt":"2020-06-15T14:45:49","slug":"bm-cenevre-burosunda-suriyenin-buyukelcisi-ala-suriye-isgal-altindaki-suriyeli-golanin-1967-haziran-4-hatina-kadar-uluslararasi-kanunun-garantor-ettigi-tum-yollar","status":"publish","type":"post","link":"https:\/\/archive.sana.sy\/tr\/?p=211725","title":{"rendered":"BM Cenevre B\u00fcrosunda Suriye\u2019nin B\u00fcy\u00fckel\u00e7isi Ala: Suriye i\u00e7in, i\u015fgal alt\u0131ndaki Suriyeli Golan\u2019\u0131n \u201c1967 Haziran 4\u201d hat\u0131na kadar uluslararas\u0131 kanunun garant\u00f6r etti\u011fi t\u00fcm yollarla geri almas\u0131 Suriye\u2019nin ulusal \u00f6ncelili\u011fi ve gayri kabili r\u00fccu hakk\u0131d\u0131r.."},"content":{"rendered":"<p>BM Cenevre B\u00fcrosunda Suriye\u2019nin B\u00fcy\u00fckel\u00e7isi Ala: Suriye i\u00e7in, i\u015fgal alt\u0131ndaki Suriyeli Golan\u2019\u0131n \u201c1967 Haziran 4\u201d hat\u0131na kadar uluslararas\u0131 kanunun garant\u00f6r etti\u011fi t\u00fcm yollarla geri almas\u0131 Suriye\u2019nin ulusal \u00f6ncelili\u011fi ve gayri kabili r\u00fccu hakk\u0131d\u0131r..<\/p>\n","protected":false},"excerpt":{"rendered":"<p>BM Cenevre B\u00fcrosunda Suriye\u2019nin B\u00fcy\u00fckel\u00e7isi Ala: Suriye i\u00e7in, i\u015fgal alt\u0131ndaki Suriyeli Golan\u2019\u0131n \u201c1967 Haziran 4\u201d hat\u0131na kadar uluslararas\u0131 kanunun garant\u00f6r etti\u011fi t\u00fcm yollarla geri almas\u0131 Suriye\u2019nin ulusal \u00f6ncelili\u011fi ve gayri kabili r\u00fccu hakk\u0131d\u0131r..<\/p>\n","protected":false},"author":1,"featured_media":0,"comment_status":"closed","ping_status":"closed","sticky":false,"template":"","format":"standard","meta":{"footnotes":""},"categories":[17991],"tags":[],"class_list":["post-211725","post","type-post","status-publish","format-standard","","category-son-dakika"],"_links":{"self":[{"href":"https:\/\/archive.sana.sy\/tr\/index.php?rest_route=\/wp\/v2\/posts\/211725","targetHints":{"allow":["GET"]}}],"collection":[{"href":"https:\/\/archive.sana.sy\/tr\/index.php?rest_route=\/wp\/v2\/posts"}],"about":[{"href":"https:\/\/archive.sana.sy\/tr\/index.php?rest_route=\/wp\/v2\/types\/post"}],"author":[{"embeddable":true,"href":"https:\/\/archive.sana.sy\/tr\/index.php?rest_route=\/wp\/v2\/users\/1"}],"replies":[{"embeddable":true,"href":"https:\/\/archive.sana.sy\/tr\/index.php?rest_route=%2Fwp%2Fv2%2Fcomments&post=211725"}],"version-history":[{"count":0,"href":"https:\/\/archive.sana.sy\/tr\/index.php?rest_route=\/wp\/v2\/posts\/211725\/revisions"}],"wp:attachment":[{"href":"https:\/\/archive.sana.sy\/tr\/index.php?rest_route=%2Fwp%2Fv2%2Fmedia&parent=211725"}],"wp:term":[{"taxonomy":"category","embeddable":true,"href":"https:\/\/archive.sana.sy\/tr\/index.php?rest_route=%2Fwp%2Fv2%2Fcategories&post=211725"},{"taxonomy":"post_tag","embeddable":true,"href":"https:\/\/archive.sana.sy\/tr\/index.php?rest_route=%2Fwp%2Fv2%2Ftags&post=211725"}],"curies":[{"name":"wp","href":"https:\/\/api.w.org\/{rel}","templated":true}]}}