{"id":211729,"date":"2020-06-15T18:45:19","date_gmt":"2020-06-15T15:45:19","guid":{"rendered":"http:\/\/www.sana.sy\/tr\/?p=211729"},"modified":"2020-06-16T14:47:56","modified_gmt":"2020-06-16T11:47:56","slug":"ala-isgal-altindaki-suriyeli-golanin-uluslararasi-kanunun-garantor-ettigi-tum-yollarla-geri-almasi-suriyenin-ulusal-onceliligi-ve-gayri-kabili-rucu-hakki","status":"publish","type":"post","link":"https:\/\/archive.sana.sy\/tr\/?p=211729","title":{"rendered":"Ala: \u0130\u015fgal Alt\u0131ndaki Suriyeli Golan\u2019\u0131n Uluslararas\u0131 Hukukun Garant\u00f6r Etti\u011fi T\u00fcm Yollarla Kurtarmas\u0131, Suriye\u2019nin Ulusal \u00d6ncelili\u011fi ve Gayri Kabili R\u00fccu Hakk\u0131d\u0131r.."},"content":{"rendered":"<p>CENEVRE \u2013 Suriye, i\u015fgal alt\u0131ndaki Suriyeli Golan\u2019\u0131n \u201c1967 Haziran 4\u201d hat\u0131na kadar uluslararas\u0131 kanunun garant\u00f6r etti\u011fi t\u00fcm yollarla kurtarmas\u0131 Suriye\u2019nin ulusal \u00f6ncelili\u011fi ve gayri kabili r\u00fccu hakk\u0131 oldu\u011funu do\u011frulad\u0131.<\/p>\n<p>Cenevre\u2019deki BM b\u00fcrosunda Suriye\u2019nin daimi b\u00fcy\u00fckel\u00e7isi H\u00fcsamettin Ala, insan hukuklar\u0131 meclisin 43. oturumunda bulundu\u011fu kelimede; \u201ckentleri ve k\u00f6yleri imha etmesi ve sakinlerini tehcir etmesi \u0130srail i\u015fgalinin Filistin ve Suriyeli Golan\u2019\u0131 i\u015fgal etti\u011fi ilk g\u00fcnden beri uygulad\u0131\u011f\u0131 siyasetin esas\u0131\u201d oldu\u011funu dile getirirken, sakinleri zorla tehcir edilmesi, evleri yakma ve topraklara ve m\u00fclklere el koyunmas\u0131, do\u011fal kaynaklar\u0131n \u00e7al\u0131nmas\u0131, \u015fehirlerin ku\u015fat\u0131lmas\u0131, tar\u0131msal \u00fcr\u00fcnlerin ve ge\u00e7im kaynaklar\u0131n\u0131n imhas\u0131 gibi baz\u0131lar\u0131n sava\u015f su\u00e7lar\u0131 say\u0131lan keyfi uygulamalar ve sistematik ihlallerin \u0130srail\u2019in yukar\u0131da bahsedilen su\u00e7lu politikas\u0131na e\u015flik etti\u011fine i\u015faret etti.<\/p>\n<p>Golan\u2019\u0131 i\u015fgal edildikten bu yana kadar uluslararas\u0131 toplum, 1967&#8217;de 242, 1973&#8217;te 338 ve 1981&#8217;de 497 say\u0131l\u0131 BMGK kararlar\u0131na uygun olarak \u0130srail&#8217;in i\u015fgal alt\u0131ndaki Suriye Golan\u0131ndan 4 Haziran 1967 hatt\u0131na tamamen \u00e7ekilmesini istedi\u011fine i\u015faret eden Ala; bu kararlar\u0131n di\u011fer \u015feylerin yan\u0131 s\u0131ra, \u0130srail\u2019in i\u015fgal alt\u0131ndaki Golan\u2019da kanunlar\u0131n\u0131, yarg\u0131 yetkisini ve y\u00f6netimini dayatma karar\u0131n\u0131n ge\u00e7ersizli\u011fini ve h\u00fck\u00fcms\u00fcz oldu\u011funu not ettiklerini ve bu uygulamas\u0131n\u0131n derhal geri \u00e7ekilmesini talep ettiklerine dikkat \u00e7ekti.<\/p>\n<p>Ala; \u0130srail i\u015fgalinden elli \u00fc\u00e7 y\u0131l sonra, i\u015fgal varl\u0131\u011f\u0131n\u0131n uluslararas\u0131 hukuk kurallar\u0131n\u0131 ve Birle\u015fmi\u015f Milletler S\u00f6zle\u015fmesi&#8217;ni ve ilgili kararlar\u0131 k\u00fc\u00e7\u00fcmsemeye ve G\u00fcvenlik Konseyi&#8217;nde ba\u015fta ABD\u2019nin olamak \u00fczere baz\u0131 kal\u0131c\u0131 \u00fcyelerin sa\u011flad\u0131\u011f\u0131 koruma \u015femsiyesinden yararlanmaya devam etti\u011fine dikkat \u00e7ekti. Ala; \u0130srail i\u015fgalinin insan haklar\u0131na y\u00f6nelik a\u011f\u0131r ve sistematik ihlallerinin k\u0131nanmas\u0131n\u0131 \u00f6nleyememesinden sonra ABD\u2019nin \u0130nsan Haklar\u0131 Konseyi ve di\u011fer uluslararas\u0131 organlardan \u00e7ekilme karar\u0131 vermesine dikkat \u00e7ekerken, bunun, ABD\u2019nin \u0130srail i\u015fgaline y\u00f6nelik mutlak ve k\u00f6r destek zeminine tutumundan geldi\u011fini s\u00f6yledi.<\/p>\n<p>Ala ekledi: Suriye\u2019nin, i\u015fgal alt\u0131ndaki Golan&#8217;\u0131n o\u011fullar\u0131 \u00fczerindeki i\u015fgalin, topraklar\u0131 ve ebeveynlerinden ve b\u00fcy\u00fckanne ve b\u00fcy\u00fckbabalar\u0131ndan miras al\u0131nan ve Suriye anavatan\u0131na kay\u0131tl\u0131 m\u00fclk belgelerinin g\u00f6stermeye ve \u0130srail i\u015fgalinde kay\u0131tl\u0131 yapmaya zorlamalar\u0131 gibi keyfi ayk\u0131r\u0131l\u0131klara uymay\u0131 reddetmeleri durumunda Golan ahalilerinin m\u00fclklerine el koyma tehdidi ile ilgili uyard\u0131\u011f\u0131n\u0131 belirtti.<\/p>\n<p>B\u00fcy\u00fckel\u00e7i Ala devam ederek; Suriye\u2019nin, \u0130srail i\u015fgal makamlar\u0131n\u0131n i\u015fgal alt\u0131ndaki Suriye Golan&#8217;\u0131nda petrol ara\u015ft\u0131rmalar\u0131 i\u00e7in lisans vermeleri ve Suriyelilerin sahip oldu\u011fu tar\u0131m arazilerinde dev r\u00fczgar t\u00fcrbinleri in\u015fa etmeleri i\u00e7in \u00e7evre ve sa\u011fl\u0131k zararlar\u0131 tehlikesi konusunda da uyard\u0131\u011f\u0131n\u0131 belirtti.<\/p>\n<p>Ala Ayr\u0131ca; Suriye, \u0130srail i\u015fgal makamlar\u0131n\u0131n, ulusal kimliklerine ba\u011fl\u0131 olan ve anavatanlar\u0131 Suriye&#8217;ye ait olan i\u015fgal alt\u0131ndaki Golan&#8217;\u0131n o\u011fullar\u0131 taraf\u0131ndan reddedilen yerel konseyleri empoze etme giri\u015fimlerini kategorik olarak reddetti\u011fini vurgulad\u0131.<\/p>\n<p>Ala ayr\u0131ca; Suriye\u2019nin, \u0130nsan Haklar\u0131 Y\u00fcksek Komiseri&#8217;ne, \u0130srail i\u015fgal g\u00fc\u00e7lerine, memleketlerini ve Suriye&#8217;deki akrabalar\u0131n\u0131 ziyaret etmek isteyen i\u015fgal alt\u0131ndaki Suriyeli Golan\u2019daki halk\u0131m\u0131za Kunaytra ge\u00e7i\u015f noktas\u0131n\u0131 a\u00e7ma bask\u0131s\u0131 uygulama \u00e7a\u011fr\u0131s\u0131nda bulundu\u011funu ekledi. Bu ba\u011flamda Ala; Covid19 salg\u0131n\u0131n varl\u0131\u011f\u0131 durumunda ve \u0130srail i\u015fgalinin ayr\u0131mc\u0131 muamele \u0131\u015f\u0131\u011f\u0131nda, Suriyeli Golan\u2019\u0131n ahalilerinin \u00f6zel t\u0131bbi bak\u0131m\u0131n ihtiyac\u0131nda bulunduklar\u0131n\u0131 vurgulad\u0131.<\/p>\n<p>Son olarak, Suriye\u2019nin, i\u015fgal alt\u0131ndaki Suriyeli Golan\u2019\u0131n \u201c1967 Haziran 4\u201d hat\u0131na kadar uluslararas\u0131 kanunun garant\u00f6r etti\u011fi t\u00fcm yollarla kurtarmas\u0131 Suriye\u2019nin ulusal \u00f6ncelili\u011fi ve gayri kabili r\u00fccu hakk\u0131 oldu\u011funu do\u011fruyan Ala; Suriye\u2019nin Filistinli halk\u0131n\u0131 desteklemeye devam edece\u011fini vurgulad\u0131. Ala; Suriye\u2019nin, Filistin halk\u0131n\u0131n Kud\u00fcs\u2019\u00fcn ba\u015fkenti oldu\u011fu devlet kurmaya hak sahipli\u011fini ve 194 say\u0131l\u0131 karar\u0131na uygun olarak tehcir edilen Filistinlilerin vatanlar\u0131na geri d\u00f6nme haklar\u0131n\u0131 desteskle\u011fini belirtti.<\/p>\n<p>\u00c7eviri: P.M.<\/p>\n","protected":false},"excerpt":{"rendered":"<p>CENEVRE \u2013 Suriye, i\u015fgal alt\u0131ndaki Suriyeli Golan\u2019\u0131n \u201c1967 Haziran 4\u201d hat\u0131na kadar uluslararas\u0131 kanunun garant\u00f6r etti\u011fi t\u00fcm yollarla kurtarmas\u0131 Suriye\u2019nin ulusal \u00f6ncelili\u011fi ve gayri kabili r\u00fccu hakk\u0131 oldu\u011funu do\u011frulad\u0131. Cenevre\u2019deki BM b\u00fcrosunda Suriye\u2019nin daimi b\u00fcy\u00fckel\u00e7isi H\u00fcsamettin Ala, insan hukuklar\u0131 meclisin 43. oturumunda bulundu\u011fu kelimede; \u201ckentleri ve k\u00f6yleri imha etmesi ve sakinlerini tehcir etmesi \u0130srail i\u015fgalinin &hellip;<\/p>\n","protected":false},"author":1,"featured_media":211730,"comment_status":"closed","ping_status":"closed","sticky":false,"template":"","format":"standard","meta":{"footnotes":""},"categories":[458,459,17988],"tags":[],"class_list":["post-211729","post","type-post","status-publish","format-standard","has-post-thumbnail","","category-dunya1","category-haberler-arap-uluslararasi-politika","category-son-haberler"],"_links":{"self":[{"href":"https:\/\/archive.sana.sy\/tr\/index.php?rest_route=\/wp\/v2\/posts\/211729","targetHints":{"allow":["GET"]}}],"collection":[{"href":"https:\/\/archive.sana.sy\/tr\/index.php?rest_route=\/wp\/v2\/posts"}],"about":[{"href":"https:\/\/archive.sana.sy\/tr\/index.php?rest_route=\/wp\/v2\/types\/post"}],"author":[{"embeddable":true,"href":"https:\/\/archive.sana.sy\/tr\/index.php?rest_route=\/wp\/v2\/users\/1"}],"replies":[{"embeddable":true,"href":"https:\/\/archive.sana.sy\/tr\/index.php?rest_route=%2Fwp%2Fv2%2Fcomments&post=211729"}],"version-history":[{"count":0,"href":"https:\/\/archive.sana.sy\/tr\/index.php?rest_route=\/wp\/v2\/posts\/211729\/revisions"}],"wp:featuredmedia":[{"embeddable":true,"href":"https:\/\/archive.sana.sy\/tr\/index.php?rest_route=\/wp\/v2\/media\/211730"}],"wp:attachment":[{"href":"https:\/\/archive.sana.sy\/tr\/index.php?rest_route=%2Fwp%2Fv2%2Fmedia&parent=211729"}],"wp:term":[{"taxonomy":"category","embeddable":true,"href":"https:\/\/archive.sana.sy\/tr\/index.php?rest_route=%2Fwp%2Fv2%2Fcategories&post=211729"},{"taxonomy":"post_tag","embeddable":true,"href":"https:\/\/archive.sana.sy\/tr\/index.php?rest_route=%2Fwp%2Fv2%2Ftags&post=211729"}],"curies":[{"name":"wp","href":"https:\/\/api.w.org\/{rel}","templated":true}]}}