{"id":211738,"date":"2020-06-15T21:02:56","date_gmt":"2020-06-15T18:02:56","guid":{"rendered":"http:\/\/www.sana.sy\/tr\/?p=211738"},"modified":"2020-06-16T16:22:50","modified_gmt":"2020-06-16T13:22:50","slug":"kremlen-astana-formatinda-bir-toplanti-duzenlemesi-diplomatik-yollarla-gorusulur","status":"publish","type":"post","link":"https:\/\/archive.sana.sy\/tr\/?p=211738","title":{"rendered":"Kremlin, Astana Format\u0131nda Bir Toplant\u0131 D\u00fczenlemesi Diplomatik Yollarla G\u00f6r\u00fc\u015f\u00fcl\u00fcr"},"content":{"rendered":"<p>MOSKOVA \u2013 Rusya ba\u015fkanl\u0131k s\u00f6zc\u00fcs\u00fc Demetri Peskov, Astana format\u0131nda bir toplant\u0131 d\u00fczenlemesinin diplomatik yollar \u00fczerinden olmas\u0131n\u0131n gerekti\u011fini duyurdu.<\/p>\n<p>Peskov\u2019un sarfetti\u011fi bu s\u00f6zler Sputnik Ajans\u0131\u2019n\u0131n bir sorusuna cevaben geldi.<\/p>\n<p>Rusya d\u0131\u015fi\u015fleri bakan yard\u0131mc\u0131s\u0131 Sergey Fer\u015finin, ge\u00e7en \u00c7ar\u015famba g\u00fcn\u00fc \u0130ran D\u0131\u015fi\u015fleri Bakan\u0131\u2019n\u0131n \u00f6zel siyasi i\u015fler B\u00fcy\u00fck yard\u0131mc\u0131s\u0131 Ali As\u011fer Haci ile bir telefon g\u00f6r\u00fc\u015fmesi ger\u00e7ekle\u015fmi\u015fti.<\/p>\n<p>G\u00f6r\u00fc\u015fmede Suriye hakk\u0131nda Astana format\u0131 kapsam\u0131nda i\u015fbirli\u011fin geli\u015ftirmesi konu\u015fuld\u0131.<\/p>\n","protected":false},"excerpt":{"rendered":"<p>MOSKOVA \u2013 Rusya ba\u015fkanl\u0131k s\u00f6zc\u00fcs\u00fc Demetri Peskov, Astana format\u0131nda bir toplant\u0131 d\u00fczenlemesinin diplomatik yollar \u00fczerinden olmas\u0131n\u0131n gerekti\u011fini duyurdu. Peskov\u2019un sarfetti\u011fi bu s\u00f6zler Sputnik Ajans\u0131\u2019n\u0131n bir sorusuna cevaben geldi. Rusya d\u0131\u015fi\u015fleri bakan yard\u0131mc\u0131s\u0131 Sergey Fer\u015finin, ge\u00e7en \u00c7ar\u015famba g\u00fcn\u00fc \u0130ran D\u0131\u015fi\u015fleri Bakan\u0131\u2019n\u0131n \u00f6zel siyasi i\u015fler B\u00fcy\u00fck yard\u0131mc\u0131s\u0131 Ali As\u011fer Haci ile bir telefon g\u00f6r\u00fc\u015fmesi ger\u00e7ekle\u015fmi\u015fti. G\u00f6r\u00fc\u015fmede Suriye &hellip;<\/p>\n","protected":false},"author":1,"featured_media":211739,"comment_status":"closed","ping_status":"closed","sticky":false,"template":"","format":"standard","meta":{"footnotes":""},"categories":[458,459,17988],"tags":[],"class_list":["post-211738","post","type-post","status-publish","format-standard","has-post-thumbnail","","category-dunya1","category-haberler-arap-uluslararasi-politika","category-son-haberler"],"_links":{"self":[{"href":"https:\/\/archive.sana.sy\/tr\/index.php?rest_route=\/wp\/v2\/posts\/211738","targetHints":{"allow":["GET"]}}],"collection":[{"href":"https:\/\/archive.sana.sy\/tr\/index.php?rest_route=\/wp\/v2\/posts"}],"about":[{"href":"https:\/\/archive.sana.sy\/tr\/index.php?rest_route=\/wp\/v2\/types\/post"}],"author":[{"embeddable":true,"href":"https:\/\/archive.sana.sy\/tr\/index.php?rest_route=\/wp\/v2\/users\/1"}],"replies":[{"embeddable":true,"href":"https:\/\/archive.sana.sy\/tr\/index.php?rest_route=%2Fwp%2Fv2%2Fcomments&post=211738"}],"version-history":[{"count":0,"href":"https:\/\/archive.sana.sy\/tr\/index.php?rest_route=\/wp\/v2\/posts\/211738\/revisions"}],"wp:featuredmedia":[{"embeddable":true,"href":"https:\/\/archive.sana.sy\/tr\/index.php?rest_route=\/wp\/v2\/media\/211739"}],"wp:attachment":[{"href":"https:\/\/archive.sana.sy\/tr\/index.php?rest_route=%2Fwp%2Fv2%2Fmedia&parent=211738"}],"wp:term":[{"taxonomy":"category","embeddable":true,"href":"https:\/\/archive.sana.sy\/tr\/index.php?rest_route=%2Fwp%2Fv2%2Fcategories&post=211738"},{"taxonomy":"post_tag","embeddable":true,"href":"https:\/\/archive.sana.sy\/tr\/index.php?rest_route=%2Fwp%2Fv2%2Ftags&post=211738"}],"curies":[{"name":"wp","href":"https:\/\/api.w.org\/{rel}","templated":true}]}}