{"id":211741,"date":"2020-06-15T21:52:33","date_gmt":"2020-06-15T18:52:33","guid":{"rendered":"http:\/\/www.sana.sy\/tr\/?p=211741"},"modified":"2020-06-15T21:52:33","modified_gmt":"2020-06-15T18:52:33","slug":"sb-suriyede-tescil-edilen-korona-virus-vakalarinin-bugune-kadar-177ye-vardigini-bunlardan-78nin-iyilestigini-6-vakanin-da-vefat-ettigini-acikladi","status":"publish","type":"post","link":"https:\/\/archive.sana.sy\/tr\/?p=211741","title":{"rendered":"SB, Suriye\u2019de tescil edilen korona vir\u00fcs vakalar\u0131n\u0131n bug\u00fcne kadar 177\u2019ye vard\u0131\u011f\u0131n\u0131 bunlardan 78\u2019nin iyile\u015fti\u011fini 6 vakan\u0131n da vefat etti\u011fini a\u00e7\u0131klad\u0131."},"content":{"rendered":"<p style=\"background: white; margin: 0in 0in 15.0pt 0in;\"><span style=\"font-size: 10.0pt; font-family: 'Arial',sans-serif; color: #333333;\">SB, Suriye\u2019de tescil edilen korona vir\u00fcs vakalar\u0131n\u0131n bug\u00fcne kadar 177\u2019ye vard\u0131\u011f\u0131n\u0131 bunlardan 78\u2019nin iyile\u015fti\u011fini 6 vakan\u0131n da vefat etti\u011fini a\u00e7\u0131klad\u0131.<\/span><\/p>\n","protected":false},"excerpt":{"rendered":"<p>SB, Suriye\u2019de tescil edilen korona vir\u00fcs vakalar\u0131n\u0131n bug\u00fcne kadar 177\u2019ye vard\u0131\u011f\u0131n\u0131 bunlardan 78\u2019nin iyile\u015fti\u011fini 6 vakan\u0131n da vefat etti\u011fini a\u00e7\u0131klad\u0131.<\/p>\n","protected":false},"author":1,"featured_media":0,"comment_status":"closed","ping_status":"closed","sticky":false,"template":"","format":"standard","meta":{"footnotes":""},"categories":[17991],"tags":[],"class_list":["post-211741","post","type-post","status-publish","format-standard","","category-son-dakika"],"_links":{"self":[{"href":"https:\/\/archive.sana.sy\/tr\/index.php?rest_route=\/wp\/v2\/posts\/211741","targetHints":{"allow":["GET"]}}],"collection":[{"href":"https:\/\/archive.sana.sy\/tr\/index.php?rest_route=\/wp\/v2\/posts"}],"about":[{"href":"https:\/\/archive.sana.sy\/tr\/index.php?rest_route=\/wp\/v2\/types\/post"}],"author":[{"embeddable":true,"href":"https:\/\/archive.sana.sy\/tr\/index.php?rest_route=\/wp\/v2\/users\/1"}],"replies":[{"embeddable":true,"href":"https:\/\/archive.sana.sy\/tr\/index.php?rest_route=%2Fwp%2Fv2%2Fcomments&post=211741"}],"version-history":[{"count":0,"href":"https:\/\/archive.sana.sy\/tr\/index.php?rest_route=\/wp\/v2\/posts\/211741\/revisions"}],"wp:attachment":[{"href":"https:\/\/archive.sana.sy\/tr\/index.php?rest_route=%2Fwp%2Fv2%2Fmedia&parent=211741"}],"wp:term":[{"taxonomy":"category","embeddable":true,"href":"https:\/\/archive.sana.sy\/tr\/index.php?rest_route=%2Fwp%2Fv2%2Fcategories&post=211741"},{"taxonomy":"post_tag","embeddable":true,"href":"https:\/\/archive.sana.sy\/tr\/index.php?rest_route=%2Fwp%2Fv2%2Ftags&post=211741"}],"curies":[{"name":"wp","href":"https:\/\/api.w.org\/{rel}","templated":true}]}}