{"id":211744,"date":"2020-06-15T22:02:24","date_gmt":"2020-06-15T19:02:24","guid":{"rendered":"http:\/\/www.sana.sy\/tr\/?p=211744"},"modified":"2020-06-15T22:02:24","modified_gmt":"2020-06-15T19:02:24","slug":"sb-tescil-edilen-korona-virusu-vakalarindan-4u-sifa-buldu-sifa-vakalarinin-78e-yukseldi","status":"publish","type":"post","link":"https:\/\/archive.sana.sy\/tr\/?p=211744","title":{"rendered":"SB: Tescil Edilen Korona Vir\u00fcs\u00fc Vakalar\u0131ndan 4\u2019\u00fc \u015eifa Buldu, \u015fifa vakalar\u0131n\u0131n 78&#8217;e y\u00fckseldi."},"content":{"rendered":"<h1 class=\"name post-title entry-title\">SB: Tescil Edilen Korona Vir\u00fcs\u00fc Vakalar\u0131ndan 5\u2019\u00fc \u015eifa Buldu, \u015fifa vakalar\u0131n\u0131n 78&#8217;e y\u00fckseldi.<\/h1>\n","protected":false},"excerpt":{"rendered":"<p>SB: Tescil Edilen Korona Vir\u00fcs\u00fc Vakalar\u0131ndan 5\u2019\u00fc \u015eifa Buldu, \u015fifa vakalar\u0131n\u0131n 78&#8217;e y\u00fckseldi.<\/p>\n","protected":false},"author":1,"featured_media":0,"comment_status":"closed","ping_status":"closed","sticky":false,"template":"","format":"standard","meta":{"footnotes":""},"categories":[17991],"tags":[],"class_list":["post-211744","post","type-post","status-publish","format-standard","","category-son-dakika"],"_links":{"self":[{"href":"https:\/\/archive.sana.sy\/tr\/index.php?rest_route=\/wp\/v2\/posts\/211744","targetHints":{"allow":["GET"]}}],"collection":[{"href":"https:\/\/archive.sana.sy\/tr\/index.php?rest_route=\/wp\/v2\/posts"}],"about":[{"href":"https:\/\/archive.sana.sy\/tr\/index.php?rest_route=\/wp\/v2\/types\/post"}],"author":[{"embeddable":true,"href":"https:\/\/archive.sana.sy\/tr\/index.php?rest_route=\/wp\/v2\/users\/1"}],"replies":[{"embeddable":true,"href":"https:\/\/archive.sana.sy\/tr\/index.php?rest_route=%2Fwp%2Fv2%2Fcomments&post=211744"}],"version-history":[{"count":0,"href":"https:\/\/archive.sana.sy\/tr\/index.php?rest_route=\/wp\/v2\/posts\/211744\/revisions"}],"wp:attachment":[{"href":"https:\/\/archive.sana.sy\/tr\/index.php?rest_route=%2Fwp%2Fv2%2Fmedia&parent=211744"}],"wp:term":[{"taxonomy":"category","embeddable":true,"href":"https:\/\/archive.sana.sy\/tr\/index.php?rest_route=%2Fwp%2Fv2%2Fcategories&post=211744"},{"taxonomy":"post_tag","embeddable":true,"href":"https:\/\/archive.sana.sy\/tr\/index.php?rest_route=%2Fwp%2Fv2%2Ftags&post=211744"}],"curies":[{"name":"wp","href":"https:\/\/api.w.org\/{rel}","templated":true}]}}