{"id":211806,"date":"2020-06-16T14:04:49","date_gmt":"2020-06-16T11:04:49","guid":{"rendered":"http:\/\/www.sana.sy\/tr\/?p=211806"},"modified":"2020-06-16T15:39:31","modified_gmt":"2020-06-16T12:39:31","slug":"fotograflarla-tartus-sahil-seridinde-abd-tarafindan-suriyeye-yonelik-uygulanan-tek-tarafli-zorlayici-ekonomik-yaptirimlari-kinayan-protesto-gosterisi-duzenlendi","status":"publish","type":"post","link":"https:\/\/archive.sana.sy\/tr\/?p=211806","title":{"rendered":"Foto\u011fraflarla.. Tartus Sahil \u015eeridinde ABD Taraf\u0131ndan Suriye\u2019ye Y\u00f6nelik Uygulanan Tek Tarafl\u0131 Zorlay\u0131c\u0131 Ekonomik Yapt\u0131r\u0131mlar\u0131 K\u0131nayan Protesto G\u00f6sterisi D\u00fczenlendi"},"content":{"rendered":"<p>Foto\u011fraflarla.. Tartus Sahil \u015eeridinde ABD Taraf\u0131ndan Suriye\u2019ye Y\u00f6nelik Uygulanan Tek Tarafl\u0131 Zorlay\u0131c\u0131 Ekonomik Yapt\u0131r\u0131mlar\u0131 K\u0131nayan Protesto G\u00f6sterisi D\u00fczenlendi<\/p>\n<div id='gallery-1' class='gallery galleryid-211806 gallery-columns-1 gallery-size-full'><figure class='gallery-item'>\n\t\t\t<div class='gallery-icon landscape'>\n\t\t\t\t<a href='https:\/\/archive.sana.sy\/tr\/wp-content\/uploads\/2020\/06\/photo_2020-06-16_10-10-34-scaled-1.jpg'><img loading=\"lazy\" decoding=\"async\" width=\"2560\" height=\"1407\" src=\"https:\/\/archive.sana.sy\/tr\/wp-content\/uploads\/2020\/06\/photo_2020-06-16_10-10-34-scaled-1.jpg\" class=\"attachment-full size-full\" alt=\"\" srcset=\"https:\/\/archive.sana.sy\/tr\/wp-content\/uploads\/2020\/06\/photo_2020-06-16_10-10-34-scaled-1.jpg 2560w, https:\/\/archive.sana.sy\/tr\/wp-content\/uploads\/2020\/06\/photo_2020-06-16_10-10-34-scaled-1-300x165.jpg 300w, https:\/\/archive.sana.sy\/tr\/wp-content\/uploads\/2020\/06\/photo_2020-06-16_10-10-34-scaled-1-1024x563.jpg 1024w, https:\/\/archive.sana.sy\/tr\/wp-content\/uploads\/2020\/06\/photo_2020-06-16_10-10-34-scaled-1-150x82.jpg 150w, https:\/\/archive.sana.sy\/tr\/wp-content\/uploads\/2020\/06\/photo_2020-06-16_10-10-34-scaled-1-768x422.jpg 768w, https:\/\/archive.sana.sy\/tr\/wp-content\/uploads\/2020\/06\/photo_2020-06-16_10-10-34-scaled-1-1536x844.jpg 1536w, https:\/\/archive.sana.sy\/tr\/wp-content\/uploads\/2020\/06\/photo_2020-06-16_10-10-34-scaled-1-2048x1126.jpg 2048w\" sizes=\"auto, (max-width: 2560px) 100vw, 2560px\" \/><\/a>\n\t\t\t<\/div><\/figure><figure class='gallery-item'>\n\t\t\t<div class='gallery-icon landscape'>\n\t\t\t\t<a href='https:\/\/archive.sana.sy\/tr\/wp-content\/uploads\/2020\/06\/photo_2020-06-16_10-10-36-scaled-1.jpg'><img loading=\"lazy\" decoding=\"async\" width=\"2560\" height=\"1440\" src=\"https:\/\/archive.sana.sy\/tr\/wp-content\/uploads\/2020\/06\/photo_2020-06-16_10-10-36-scaled-1.jpg\" class=\"attachment-full size-full\" alt=\"\" srcset=\"https:\/\/archive.sana.sy\/tr\/wp-content\/uploads\/2020\/06\/photo_2020-06-16_10-10-36-scaled-1.jpg 2560w, https:\/\/archive.sana.sy\/tr\/wp-content\/uploads\/2020\/06\/photo_2020-06-16_10-10-36-scaled-1-300x169.jpg 300w, https:\/\/archive.sana.sy\/tr\/wp-content\/uploads\/2020\/06\/photo_2020-06-16_10-10-36-scaled-1-1024x576.jpg 1024w, https:\/\/archive.sana.sy\/tr\/wp-content\/uploads\/2020\/06\/photo_2020-06-16_10-10-36-scaled-1-150x84.jpg 150w, https:\/\/archive.sana.sy\/tr\/wp-content\/uploads\/2020\/06\/photo_2020-06-16_10-10-36-scaled-1-768x432.jpg 768w, https:\/\/archive.sana.sy\/tr\/wp-content\/uploads\/2020\/06\/photo_2020-06-16_10-10-36-scaled-1-1536x864.jpg 1536w, https:\/\/archive.sana.sy\/tr\/wp-content\/uploads\/2020\/06\/photo_2020-06-16_10-10-36-scaled-1-2048x1152.jpg 2048w\" sizes=\"auto, (max-width: 2560px) 100vw, 2560px\" \/><\/a>\n\t\t\t<\/div><\/figure><figure class='gallery-item'>\n\t\t\t<div class='gallery-icon landscape'>\n\t\t\t\t<a href='https:\/\/archive.sana.sy\/tr\/wp-content\/uploads\/2020\/06\/photo_2020-06-16_10-47-21-scaled-1.jpg'><img loading=\"lazy\" decoding=\"async\" width=\"2560\" height=\"1440\" src=\"https:\/\/archive.sana.sy\/tr\/wp-content\/uploads\/2020\/06\/photo_2020-06-16_10-47-21-scaled-1.jpg\" class=\"attachment-full size-full\" alt=\"\" srcset=\"https:\/\/archive.sana.sy\/tr\/wp-content\/uploads\/2020\/06\/photo_2020-06-16_10-47-21-scaled-1.jpg 2560w, https:\/\/archive.sana.sy\/tr\/wp-content\/uploads\/2020\/06\/photo_2020-06-16_10-47-21-scaled-1-300x169.jpg 300w, https:\/\/archive.sana.sy\/tr\/wp-content\/uploads\/2020\/06\/photo_2020-06-16_10-47-21-scaled-1-1024x576.jpg 1024w, https:\/\/archive.sana.sy\/tr\/wp-content\/uploads\/2020\/06\/photo_2020-06-16_10-47-21-scaled-1-150x84.jpg 150w, https:\/\/archive.sana.sy\/tr\/wp-content\/uploads\/2020\/06\/photo_2020-06-16_10-47-21-scaled-1-768x432.jpg 768w, https:\/\/archive.sana.sy\/tr\/wp-content\/uploads\/2020\/06\/photo_2020-06-16_10-47-21-scaled-1-1536x864.jpg 1536w, https:\/\/archive.sana.sy\/tr\/wp-content\/uploads\/2020\/06\/photo_2020-06-16_10-47-21-scaled-1-2048x1152.jpg 2048w\" sizes=\"auto, (max-width: 2560px) 100vw, 2560px\" \/><\/a>\n\t\t\t<\/div><\/figure><figure class='gallery-item'>\n\t\t\t<div class='gallery-icon landscape'>\n\t\t\t\t<a href='https:\/\/archive.sana.sy\/tr\/wp-content\/uploads\/2020\/06\/photo_2020-06-16_10-47-45-scaled-1.jpg'><img loading=\"lazy\" decoding=\"async\" width=\"2560\" height=\"1267\" src=\"https:\/\/archive.sana.sy\/tr\/wp-content\/uploads\/2020\/06\/photo_2020-06-16_10-47-45-scaled-1.jpg\" class=\"attachment-full size-full\" alt=\"\" srcset=\"https:\/\/archive.sana.sy\/tr\/wp-content\/uploads\/2020\/06\/photo_2020-06-16_10-47-45-scaled-1.jpg 2560w, https:\/\/archive.sana.sy\/tr\/wp-content\/uploads\/2020\/06\/photo_2020-06-16_10-47-45-scaled-1-300x148.jpg 300w, https:\/\/archive.sana.sy\/tr\/wp-content\/uploads\/2020\/06\/photo_2020-06-16_10-47-45-scaled-1-1024x507.jpg 1024w, https:\/\/archive.sana.sy\/tr\/wp-content\/uploads\/2020\/06\/photo_2020-06-16_10-47-45-scaled-1-150x74.jpg 150w, https:\/\/archive.sana.sy\/tr\/wp-content\/uploads\/2020\/06\/photo_2020-06-16_10-47-45-scaled-1-768x380.jpg 768w, https:\/\/archive.sana.sy\/tr\/wp-content\/uploads\/2020\/06\/photo_2020-06-16_10-47-45-scaled-1-1536x760.jpg 1536w, https:\/\/archive.sana.sy\/tr\/wp-content\/uploads\/2020\/06\/photo_2020-06-16_10-47-45-scaled-1-2048x1014.jpg 2048w\" sizes=\"auto, (max-width: 2560px) 100vw, 2560px\" \/><\/a>\n\t\t\t<\/div><\/figure><figure class='gallery-item'>\n\t\t\t<div class='gallery-icon landscape'>\n\t\t\t\t<a href='https:\/\/archive.sana.sy\/tr\/wp-content\/uploads\/2020\/06\/photo_2020-06-16_10-48-20-scaled-1.jpg'><img loading=\"lazy\" decoding=\"async\" width=\"2560\" height=\"1267\" src=\"https:\/\/archive.sana.sy\/tr\/wp-content\/uploads\/2020\/06\/photo_2020-06-16_10-48-20-scaled-1.jpg\" class=\"attachment-full size-full\" alt=\"\" srcset=\"https:\/\/archive.sana.sy\/tr\/wp-content\/uploads\/2020\/06\/photo_2020-06-16_10-48-20-scaled-1.jpg 2560w, https:\/\/archive.sana.sy\/tr\/wp-content\/uploads\/2020\/06\/photo_2020-06-16_10-48-20-scaled-1-300x148.jpg 300w, https:\/\/archive.sana.sy\/tr\/wp-content\/uploads\/2020\/06\/photo_2020-06-16_10-48-20-scaled-1-1024x507.jpg 1024w, https:\/\/archive.sana.sy\/tr\/wp-content\/uploads\/2020\/06\/photo_2020-06-16_10-48-20-scaled-1-150x74.jpg 150w, https:\/\/archive.sana.sy\/tr\/wp-content\/uploads\/2020\/06\/photo_2020-06-16_10-48-20-scaled-1-768x380.jpg 768w, https:\/\/archive.sana.sy\/tr\/wp-content\/uploads\/2020\/06\/photo_2020-06-16_10-48-20-scaled-1-1536x760.jpg 1536w, https:\/\/archive.sana.sy\/tr\/wp-content\/uploads\/2020\/06\/photo_2020-06-16_10-48-20-scaled-1-2048x1014.jpg 2048w\" sizes=\"auto, (max-width: 2560px) 100vw, 2560px\" \/><\/a>\n\t\t\t<\/div><\/figure>\n\t\t<\/div>\n\n","protected":false},"excerpt":{"rendered":"<p>Foto\u011fraflarla.. Tartus Sahil \u015eeridinde ABD Taraf\u0131ndan Suriye\u2019ye Y\u00f6nelik Uygulanan Tek Tarafl\u0131 Zorlay\u0131c\u0131 Ekonomik Yapt\u0131r\u0131mlar\u0131 K\u0131nayan Protesto G\u00f6sterisi D\u00fczenlendi<\/p>\n","protected":false},"author":36,"featured_media":211812,"comment_status":"closed","ping_status":"closed","sticky":false,"template":"","format":"standard","meta":{"footnotes":""},"categories":[596],"tags":[],"class_list":["post-211806","post","type-post","status-publish","format-standard","has-post-thumbnail","","category-fotografli-raporlar"],"_links":{"self":[{"href":"https:\/\/archive.sana.sy\/tr\/index.php?rest_route=\/wp\/v2\/posts\/211806","targetHints":{"allow":["GET"]}}],"collection":[{"href":"https:\/\/archive.sana.sy\/tr\/index.php?rest_route=\/wp\/v2\/posts"}],"about":[{"href":"https:\/\/archive.sana.sy\/tr\/index.php?rest_route=\/wp\/v2\/types\/post"}],"author":[{"embeddable":true,"href":"https:\/\/archive.sana.sy\/tr\/index.php?rest_route=\/wp\/v2\/users\/36"}],"replies":[{"embeddable":true,"href":"https:\/\/archive.sana.sy\/tr\/index.php?rest_route=%2Fwp%2Fv2%2Fcomments&post=211806"}],"version-history":[{"count":0,"href":"https:\/\/archive.sana.sy\/tr\/index.php?rest_route=\/wp\/v2\/posts\/211806\/revisions"}],"wp:featuredmedia":[{"embeddable":true,"href":"https:\/\/archive.sana.sy\/tr\/index.php?rest_route=\/wp\/v2\/media\/211812"}],"wp:attachment":[{"href":"https:\/\/archive.sana.sy\/tr\/index.php?rest_route=%2Fwp%2Fv2%2Fmedia&parent=211806"}],"wp:term":[{"taxonomy":"category","embeddable":true,"href":"https:\/\/archive.sana.sy\/tr\/index.php?rest_route=%2Fwp%2Fv2%2Fcategories&post=211806"},{"taxonomy":"post_tag","embeddable":true,"href":"https:\/\/archive.sana.sy\/tr\/index.php?rest_route=%2Fwp%2Fv2%2Ftags&post=211806"}],"curies":[{"name":"wp","href":"https:\/\/api.w.org\/{rel}","templated":true}]}}