{"id":21186,"date":"2015-01-19T10:08:29","date_gmt":"2015-01-19T08:08:29","guid":{"rendered":"http:\/\/www.sana.sy\/tr\/?p=21186"},"modified":"2015-01-19T10:08:29","modified_gmt":"2015-01-19T08:08:29","slug":"zoubi-israilin-kunaytraya-saldirisi-suriyedeki-teroristlere-dogrudan-destek-cercevesinde-geliyor","status":"publish","type":"post","link":"https:\/\/archive.sana.sy\/tr\/?p=21186","title":{"rendered":"Zoubi: \u0130srail\u2019in Kunaytra\u2019ya Sald\u0131r\u0131s\u0131 Suriye\u2019deki Ter\u00f6ristlere Do\u011frudan Destek \u00c7er\u00e7evesinde Geliyor"},"content":{"rendered":"<p>\u015eAM \u2013 Enformasyon Bakan\u0131 Omran el Zoubi, Kunaytra\u2019ya y\u00f6nelik \u0130srail sald\u0131r\u0131s\u0131n\u0131n acil veya s\u00fcrpriz bir davran\u0131\u015f olmad\u0131\u011f\u0131n\u0131 bilakis i\u015fgal varl\u0131\u011f\u0131n\u0131n ortaya \u00e7\u0131kmas\u0131ndan bu yana gelen katliamlar\u0131n\u0131n uzant\u0131s\u0131 ve uluslararas\u0131 ter\u00f6r listesine koyulmu\u015f ter\u00f6r \u00f6rg\u00fctlerine destek \u00e7er\u00e7evesinde geldi\u011fini belirtti.<\/p>\n<p>Zoubi el Menar televizyonunun kendisiyle d\u00fcn ak\u015fam d\u00fczenledi\u011fi r\u00f6portajda, \u0130srail i\u015fgal varl\u0131\u011f\u0131n\u0131n ter\u00f6rist \u00f6rg\u00fct olarak Birle\u015fmi\u015f Milletlerin listelerinde ad\u0131 ge\u00e7en \u201cNusra Cephesi\u201d ba\u015fta olmak \u00fczere silahl\u0131 ter\u00f6r \u00f6rg\u00fctlerine sundu\u011fu do\u011frudan destek yoluyla a\u00e7\u0131k ve ilan edilmi\u015f bir yolla hareket etti\u011fini s\u00f6yledi.<\/p>\n<p>\u0130srail i\u015fgal varl\u0131\u011f\u0131n\u0131n ter\u00f6rist \u00f6rg\u00fctlerin rol\u00fcn\u00fcn \u201ctampon b\u00f6lge\u201d veya kendisi ile Suriye Arap ordusu aras\u0131nda ara b\u00f6lge gibi olmas\u0131na bel ba\u011flad\u0131\u011f\u0131na i\u015faret ederek ba\u015fta BM olmak \u00fczere b\u00fct\u00fcn uluslararas\u0131 \u00f6rg\u00fctlerden me\u015fruiyetleri ve i\u015fgal edilen Golan ile ilgili kararlarla ba\u011fda\u015facak \u015fekilde hareket etmeye \u00e7a\u011f\u0131rd\u0131.<\/p>\n<p>\u0130\u015fgal varl\u0131\u011f\u0131 ba\u015fbakan\u0131 B\u00fcnyamin Netanyahu\u2019nun ter\u00f6re kar\u015f\u0131 Paris y\u00fcr\u00fcy\u00fc\u015f\u00fcne kat\u0131lmas\u0131n\u0131 garipseyen Bakan Zoubi, kendisi ve h\u00fck\u00fcmetinin Gazze, Kud\u00fcs, L\u00fcbnan ve Suriye\u2019ye y\u00f6nelik tekrarlana gelen ter\u00f6r sald\u0131r\u0131lar\u0131 kamal\u0131yla ayn\u0131 ter\u00f6r\u00fc temsil etti\u011fini belirtti.<\/p>\n<p>Zoubi, Suriye birli\u011fi ve ordusunu hedef almaya, silah\u0131n\u0131 da ona kar\u015f\u0131 \u00e7al\u0131\u015fanlar\u0131n kendini, Suriye, Filistin ve Arap \u00fcmmetinin d\u00fc\u015fman\u0131 olan Siyonist projenin hizmetine koydu\u011funu, \u0130srail\u2019le \u00e7at\u0131\u015fma ile ilgili o bo\u015f dini ve \u0130slami \u015fiarlar\u0131n\u0131n kendilerine fayda etmeyece\u011fini a\u00e7\u0131klad\u0131.<\/p>\n<p>Zoubi, Suriye Arap Ordusuna sald\u0131ranlar\u0131n bu ordunun Filistin ve i\u015fgal edilmi\u015f topraklar\u0131 kurtarmak i\u00e7in kuruldu\u011fu temel davas\u0131ndan sapt\u0131r\u0131lmak istendi\u011fini belirterek, Irak, M\u0131s\u0131r ve L\u00fcbnan ordular\u0131na yap\u0131lan sald\u0131r\u0131lar\u0131n ayn\u0131 \u00e7er\u00e7evede geldi\u011fini ifade etti.<\/p>\n<p>Enformasyon Bakan\u0131: \u201cSuudi veya K\u00f6rfez ordular\u0131na neden kimse sald\u0131rm\u0131yor.. \u00c7\u00fcnk\u00fc bu ordular \u0130srail i\u00e7in de\u011fil \u0130srail hizmetine Arap ve M\u00fcsl\u00fcmanlara sald\u0131rmak i\u00e7in dizayn edilmi\u015ftir\u201d dedi.<\/p>\n<p>S.\u015e. &#8211; R.H.<\/p>\n","protected":false},"excerpt":{"rendered":"<p>\u015eAM \u2013 Enformasyon Bakan\u0131 Omran el Zoubi, Kunaytra\u2019ya y\u00f6nelik \u0130srail sald\u0131r\u0131s\u0131n\u0131n acil veya s\u00fcrpriz bir davran\u0131\u015f olmad\u0131\u011f\u0131n\u0131 bilakis i\u015fgal varl\u0131\u011f\u0131n\u0131n ortaya \u00e7\u0131kmas\u0131ndan bu yana gelen katliamlar\u0131n\u0131n uzant\u0131s\u0131 ve uluslararas\u0131 ter\u00f6r listesine koyulmu\u015f ter\u00f6r \u00f6rg\u00fctlerine destek \u00e7er\u00e7evesinde geldi\u011fini belirtti. Zoubi el Menar televizyonunun kendisiyle d\u00fcn ak\u015fam d\u00fczenledi\u011fi r\u00f6portajda, \u0130srail i\u015fgal varl\u0131\u011f\u0131n\u0131n ter\u00f6rist \u00f6rg\u00fct olarak Birle\u015fmi\u015f Milletlerin &hellip;<\/p>\n","protected":false},"author":1,"featured_media":21187,"comment_status":"closed","ping_status":"closed","sticky":false,"template":"","format":"standard","meta":{"footnotes":""},"categories":[479,447,478],"tags":[10265,1978,10259,10266,10260,10261,10258,10262,10268,10264,16591,10267,10263,10257],"class_list":["post-21186","post","type-post","status-publish","format-standard","has-post-thumbnail","","category-haberler-yerel","category-politika","category-yerel","tag-filistin-ve-arap-ummetinin-dusmani-olan-siyonist-projenin-hizmetine-koydugunu","tag-irak","tag-israil-isgal-varliginin-terorist-orgut-olarak-birlesmis-milletlerin-listelerinde-adi-gecen-nusra-cephesi-basta-olmak-uzere-silahli-teror-orgutlerine-sundugu-dogrudan-destek-yoluyla-a","tag-israille-catisma-ile-ilgili-o-bos-dini-ve-islami-siarlarinin-kendilerine-fayda-etmeyecegini-acikladi-zoubi","tag-kendisi-ve-hukumetinin-gazze","tag-kudus","tag-kunaytraya-yonelik-israil-saldirisinin-acil-veya-surpriz-bir-davranis-olmadigini-bilakis-isgal-varliginin-ortaya-cikmasindan-bu-yana-gelen-katliamlarinin-uzantisi-ve-uluslararasi-teror-listes","tag-lubnan-ve-suriyeye-yonelik-tekrarlana-gelen-teror-saldirilari-kamaliyla-ayni-teroru-temsil-ettigini-belirtti-zoubi","tag-misir-ve-lubnan-ordularina-yapilan-saldirilarin-ayni-cercevede-geldigini-ifade-etti-enformasyon-bakani-suudi-veya-korfez-ordularina-neden-kimse-saldirmiyor-cunku-bu-ordular-israil-icin-de","tag-silahini-da-ona-karsi-calisanlarin-kendini","tag-suriye","tag-suriye-arap-ordusuna-saldiranlarin-bu-ordunun-filistin-ve-isgal-edilmis-topraklari-kurtarmak-icin-kuruldugu-temel-davasindan-saptirilmak-istendigini-belirterek","tag-suriye-birligi-ve-ordusunu-hedef-almaya","tag-zoubi-israilin-kunaytraya-saldirisi-suriyedeki-teroristlere-dogrudan-destek-cercevesinde-geliyor-sam-enformasyon-bakani-omran-el-zoubi"],"_links":{"self":[{"href":"https:\/\/archive.sana.sy\/tr\/index.php?rest_route=\/wp\/v2\/posts\/21186","targetHints":{"allow":["GET"]}}],"collection":[{"href":"https:\/\/archive.sana.sy\/tr\/index.php?rest_route=\/wp\/v2\/posts"}],"about":[{"href":"https:\/\/archive.sana.sy\/tr\/index.php?rest_route=\/wp\/v2\/types\/post"}],"author":[{"embeddable":true,"href":"https:\/\/archive.sana.sy\/tr\/index.php?rest_route=\/wp\/v2\/users\/1"}],"replies":[{"embeddable":true,"href":"https:\/\/archive.sana.sy\/tr\/index.php?rest_route=%2Fwp%2Fv2%2Fcomments&post=21186"}],"version-history":[{"count":0,"href":"https:\/\/archive.sana.sy\/tr\/index.php?rest_route=\/wp\/v2\/posts\/21186\/revisions"}],"wp:featuredmedia":[{"embeddable":true,"href":"https:\/\/archive.sana.sy\/tr\/index.php?rest_route=\/wp\/v2\/media\/21187"}],"wp:attachment":[{"href":"https:\/\/archive.sana.sy\/tr\/index.php?rest_route=%2Fwp%2Fv2%2Fmedia&parent=21186"}],"wp:term":[{"taxonomy":"category","embeddable":true,"href":"https:\/\/archive.sana.sy\/tr\/index.php?rest_route=%2Fwp%2Fv2%2Fcategories&post=21186"},{"taxonomy":"post_tag","embeddable":true,"href":"https:\/\/archive.sana.sy\/tr\/index.php?rest_route=%2Fwp%2Fv2%2Ftags&post=21186"}],"curies":[{"name":"wp","href":"https:\/\/api.w.org\/{rel}","templated":true}]}}