{"id":21190,"date":"2015-01-19T10:11:21","date_gmt":"2015-01-19T08:11:21","guid":{"rendered":"http:\/\/www.sana.sy\/tr\/?p=21190"},"modified":"2015-01-19T10:11:21","modified_gmt":"2015-01-19T08:11:21","slug":"iran-terorist-siyonist-varligin-kunaytraya-saldirisini-siddetle-kinadi","status":"publish","type":"post","link":"https:\/\/archive.sana.sy\/tr\/?p=21190","title":{"rendered":"\u0130ran Ter\u00f6rist Siyonist Varl\u0131\u011f\u0131n Kunaytra\u2019ya Sald\u0131r\u0131s\u0131n\u0131 \u015eiddetle K\u0131nad\u0131"},"content":{"rendered":"<p>TAHRAN \u2013 \u0130ran D\u0131\u015fi\u015fleri Bakan\u0131 Muhammed Cevat Zarif, Siyonist varl\u0131\u011f\u0131n d\u00fcn Kunaytra\u2019daki Emel \u00c7iftliklerine d\u00fczenledi\u011fi ter\u00f6r sald\u0131r\u0131s\u0131n\u0131 \u015fiddetle k\u0131nad\u0131.<\/p>\n<p>\u0130ran medya kaynaklar\u0131 Zarif\u2019in bug\u00fcnk\u00fc a\u00e7\u0131klamalar\u0131ndan naklen, Siyonist varl\u0131\u011f\u0131n b\u00f6lgede krizler yaratmak ve gerginlikleri her zaman k\u00f6r\u00fcklemek \u00fczerine kurulu oldu\u011funu belirterek, Siyonist varl\u0131\u011f\u0131 endi\u015felendiren en b\u00fcy\u00fck \u015feyin b\u00f6lge istikrar\u0131 ve n\u00fckleer g\u00f6r\u00fc\u015fmelerin ba\u015far\u0131s\u0131 oldu\u011funu ifade etti.<\/p>\n<p>Zarif, i\u015fgal varl\u0131\u011f\u0131 ba\u015fbakan\u0131 B\u00fcnyamin Netanyahu\u2019nun bunun ger\u00e7ekle\u015fmemesi i\u00e7in b\u00fcy\u00fck \u00e7abalar harcad\u0131\u011f\u0131na dikkat \u00e7ekti.<\/p>\n<p>Kendi y\u00f6n\u00fcnden \u0130ran D\u0131\u015fi\u015fleri Bakanl\u0131\u011f\u0131 Kunaytra\u2019daki Emel \u00c7iftliklerine y\u00f6nelik Siyonist varl\u0131\u011f\u0131n d\u00fczenledi\u011fi ter\u00f6r sald\u0131r\u0131s\u0131n\u0131 \u015fiddetle k\u0131nad\u0131.<\/p>\n<p>Bakanl\u0131kta Enformasyon dairesi yay\u0131nlad\u0131\u011f\u0131 beyanda, s\u00f6z konusu \u00e7irkef sald\u0131r\u0131n\u0131n Suriye\u2019nin ter\u00f6re y\u00f6nelik sava\u015f\u0131n\u0131n Siyonist varl\u0131\u011fa kar\u015f\u0131 m\u00fccadelesinin bir b\u00f6l\u00fcm\u00fc oldu\u011funun kan\u0131t\u0131 oldu\u011funu belirterek \u015fehitlere y\u00f6nelik ba\u015fsa\u011fl\u0131\u011f\u0131 dileklerini vurgulad\u0131.<\/p>\n<p>Bir \u0130srail helikopteri ter\u00f6rist \u00f6rg\u00fctlere destek \u00e7er\u00e7evesinde d\u00fcn \u00f6\u011fleden sonra i\u015fgal edilen Filistin topraklar\u0131 dahilinden Kunaytra\u2019daki el Emel \u00e7iftliklerine do\u011fru 2 f\u00fcze f\u0131rlatmas\u0131 sonucunda 6 ki\u015fi \u015fehit d\u00fc\u015fm\u00fc\u015f bir \u00e7ocuk da a\u011f\u0131r yaralanm\u0131\u015ft\u0131.<\/p>\n<p>S.\u015e. &#8211; R.H.<\/p>\n","protected":false},"excerpt":{"rendered":"<p>TAHRAN \u2013 \u0130ran D\u0131\u015fi\u015fleri Bakan\u0131 Muhammed Cevat Zarif, Siyonist varl\u0131\u011f\u0131n d\u00fcn Kunaytra\u2019daki Emel \u00c7iftliklerine d\u00fczenledi\u011fi ter\u00f6r sald\u0131r\u0131s\u0131n\u0131 \u015fiddetle k\u0131nad\u0131. \u0130ran medya kaynaklar\u0131 Zarif\u2019in bug\u00fcnk\u00fc a\u00e7\u0131klamalar\u0131ndan naklen, Siyonist varl\u0131\u011f\u0131n b\u00f6lgede krizler yaratmak ve gerginlikleri her zaman k\u00f6r\u00fcklemek \u00fczerine kurulu oldu\u011funu belirterek, Siyonist varl\u0131\u011f\u0131 endi\u015felendiren en b\u00fcy\u00fck \u015feyin b\u00f6lge istikrar\u0131 ve n\u00fckleer g\u00f6r\u00fc\u015fmelerin ba\u015far\u0131s\u0131 oldu\u011funu ifade etti. &hellip;<\/p>\n","protected":false},"author":1,"featured_media":21191,"comment_status":"closed","ping_status":"closed","sticky":false,"template":"","format":"standard","meta":{"footnotes":""},"categories":[458,459,447],"tags":[10269,10273,10272,10271,10270,10274],"class_list":["post-21190","post","type-post","status-publish","format-standard","has-post-thumbnail","","category-dunya1","category-haberler-arap-uluslararasi-politika","category-politika","tag-iran-terorist-siyonist-varligin-kunaytraya-saldirisini-siddetle-kinadi-tahran-iran-disisleri-bakani-muhammed-cevat-zarif","tag-isgal-varligi-basbakani-bunyamin-netanyahunun-bunun-gerceklesmemesi-icin-buyuk-cabalar-harcadigina-dikkat-cekti-kendi-yonunden-iran-disisleri-bakanligi-kunaytradaki-emel-ciftlikleri","tag-siyonist-varligi-endiselendiren-en-buyuk-seyin-bolge-istikrari-ve-nukleer-gorusmelerin-basarisi-oldugunu-ifade-etti-zarif","tag-siyonist-varligin-bolgede-krizler-yaratmak-ve-gerginlikleri-her-zaman-koruklemek-uzerine-kurulu-oldugunu-belirterek","tag-siyonist-varligin-dun-kunaytradaki-emel-ciftliklerine-duzenledigi-teror-saldirisini-siddetle-kinadi-iran-medya-kaynaklari-zarifin-bugunku-aciklamalarindan-naklen","tag-soz-konusu-cirkef-saldirinin-suriyenin-terore-yonelik-savasinin-siyonist-varliga-karsi-mucadelesinin-bir-bolumu-oldugunun-kaniti-oldugunu-belirterek-sehitlere-yonelik-bassagligi-dileklerini-v"],"_links":{"self":[{"href":"https:\/\/archive.sana.sy\/tr\/index.php?rest_route=\/wp\/v2\/posts\/21190","targetHints":{"allow":["GET"]}}],"collection":[{"href":"https:\/\/archive.sana.sy\/tr\/index.php?rest_route=\/wp\/v2\/posts"}],"about":[{"href":"https:\/\/archive.sana.sy\/tr\/index.php?rest_route=\/wp\/v2\/types\/post"}],"author":[{"embeddable":true,"href":"https:\/\/archive.sana.sy\/tr\/index.php?rest_route=\/wp\/v2\/users\/1"}],"replies":[{"embeddable":true,"href":"https:\/\/archive.sana.sy\/tr\/index.php?rest_route=%2Fwp%2Fv2%2Fcomments&post=21190"}],"version-history":[{"count":0,"href":"https:\/\/archive.sana.sy\/tr\/index.php?rest_route=\/wp\/v2\/posts\/21190\/revisions"}],"wp:featuredmedia":[{"embeddable":true,"href":"https:\/\/archive.sana.sy\/tr\/index.php?rest_route=\/wp\/v2\/media\/21191"}],"wp:attachment":[{"href":"https:\/\/archive.sana.sy\/tr\/index.php?rest_route=%2Fwp%2Fv2%2Fmedia&parent=21190"}],"wp:term":[{"taxonomy":"category","embeddable":true,"href":"https:\/\/archive.sana.sy\/tr\/index.php?rest_route=%2Fwp%2Fv2%2Fcategories&post=21190"},{"taxonomy":"post_tag","embeddable":true,"href":"https:\/\/archive.sana.sy\/tr\/index.php?rest_route=%2Fwp%2Fv2%2Ftags&post=21190"}],"curies":[{"name":"wp","href":"https:\/\/api.w.org\/{rel}","templated":true}]}}