{"id":212007,"date":"2020-06-17T15:50:44","date_gmt":"2020-06-17T12:50:44","guid":{"rendered":"http:\/\/www.sana.sy\/tr\/?p=212007"},"modified":"2020-06-18T10:11:10","modified_gmt":"2020-06-18T07:11:10","slug":"sb-suriyede-korona-virusunde-yeni-bir-vefat-vakasi-tescil-edildi","status":"publish","type":"post","link":"https:\/\/archive.sana.sy\/tr\/?p=212007","title":{"rendered":"SB: Suriye\u2019de Korona Vir\u00fcs\u00fcnde Yeni Bir Vefat Vakas\u0131 Tescil Edildi"},"content":{"rendered":"<p>\u015eAM \u2013 Sa\u011fl\u0131k Bakanl\u0131\u011f\u0131, bug\u00fcn korona vir\u00fcs\u00fcn\u00fcn bula\u015ft\u0131\u011f\u0131 70 ya\u015f\u0131nda bir kad\u0131n vefat etti boylece Suriye\u2019de vir\u00fcsle vefat eden vaka say\u0131s\u0131n\u0131n 7\u2019ye y\u00fckseldi\u011fini ilan etti.<\/p>\n<p>Bakanl\u0131k yay\u0131nlad\u0131\u011f\u0131 ve SANA\u2019n\u0131n bir n\u00fcshas\u0131n\u0131 ald\u0131\u011f\u0131 beyan\u0131nda, Suriye\u2019de tescil edilen korona vir\u00fcs vakalar\u0131n\u0131n bug\u00fcne kadar 178\u2019e vard\u0131\u011f\u0131n\u0131 bunlardan 78\u2019inin iyile\u015fti\u011fini 7 vakan\u0131n da vefat etti\u011fini a\u00e7\u0131klad\u0131.<\/p>\n<p>\u00c7eviri: M.Y ve S.S<\/p>\n","protected":false},"excerpt":{"rendered":"<p>\u015eAM \u2013 Sa\u011fl\u0131k Bakanl\u0131\u011f\u0131, bug\u00fcn korona vir\u00fcs\u00fcn\u00fcn bula\u015ft\u0131\u011f\u0131 70 ya\u015f\u0131nda bir kad\u0131n vefat etti boylece Suriye\u2019de vir\u00fcsle vefat eden vaka say\u0131s\u0131n\u0131n 7\u2019ye y\u00fckseldi\u011fini ilan etti. Bakanl\u0131k yay\u0131nlad\u0131\u011f\u0131 ve SANA\u2019n\u0131n bir n\u00fcshas\u0131n\u0131 ald\u0131\u011f\u0131 beyan\u0131nda, Suriye\u2019de tescil edilen korona vir\u00fcs vakalar\u0131n\u0131n bug\u00fcne kadar 178\u2019e vard\u0131\u011f\u0131n\u0131 bunlardan 78\u2019inin iyile\u015fti\u011fini 7 vakan\u0131n da vefat etti\u011fini a\u00e7\u0131klad\u0131. \u00c7eviri: M.Y ve &hellip;<\/p>\n","protected":false},"author":36,"featured_media":212013,"comment_status":"closed","ping_status":"closed","sticky":false,"template":"","format":"standard","meta":{"footnotes":""},"categories":[526,479,17988,525,478],"tags":[],"class_list":["post-212007","post","type-post","status-publish","format-standard","has-post-thumbnail","","category-haber-ve-raporlar","category-haberler-yerel","category-son-haberler","category-toplum","category-yerel"],"_links":{"self":[{"href":"https:\/\/archive.sana.sy\/tr\/index.php?rest_route=\/wp\/v2\/posts\/212007","targetHints":{"allow":["GET"]}}],"collection":[{"href":"https:\/\/archive.sana.sy\/tr\/index.php?rest_route=\/wp\/v2\/posts"}],"about":[{"href":"https:\/\/archive.sana.sy\/tr\/index.php?rest_route=\/wp\/v2\/types\/post"}],"author":[{"embeddable":true,"href":"https:\/\/archive.sana.sy\/tr\/index.php?rest_route=\/wp\/v2\/users\/36"}],"replies":[{"embeddable":true,"href":"https:\/\/archive.sana.sy\/tr\/index.php?rest_route=%2Fwp%2Fv2%2Fcomments&post=212007"}],"version-history":[{"count":0,"href":"https:\/\/archive.sana.sy\/tr\/index.php?rest_route=\/wp\/v2\/posts\/212007\/revisions"}],"wp:featuredmedia":[{"embeddable":true,"href":"https:\/\/archive.sana.sy\/tr\/index.php?rest_route=\/wp\/v2\/media\/212013"}],"wp:attachment":[{"href":"https:\/\/archive.sana.sy\/tr\/index.php?rest_route=%2Fwp%2Fv2%2Fmedia&parent=212007"}],"wp:term":[{"taxonomy":"category","embeddable":true,"href":"https:\/\/archive.sana.sy\/tr\/index.php?rest_route=%2Fwp%2Fv2%2Fcategories&post=212007"},{"taxonomy":"post_tag","embeddable":true,"href":"https:\/\/archive.sana.sy\/tr\/index.php?rest_route=%2Fwp%2Fv2%2Ftags&post=212007"}],"curies":[{"name":"wp","href":"https:\/\/api.w.org\/{rel}","templated":true}]}}