{"id":212071,"date":"2020-06-17T19:55:40","date_gmt":"2020-06-17T16:55:40","guid":{"rendered":"http:\/\/www.sana.sy\/tr\/?p=212071"},"modified":"2020-06-19T14:55:52","modified_gmt":"2020-06-19T11:55:52","slug":"disisleri-bakanligi-sozde-sezar-yasasinin-uygulanmasinda-suriyeye-karsi-alinan-amerikan-ilk-tedbirler-paketi-cete-ve-haydutlarin-davranisina-esittir","status":"publish","type":"post","link":"https:\/\/archive.sana.sy\/tr\/?p=212071","title":{"rendered":"D\u0131\u015fi\u015fleri: ABD&#8217;nin Suriye&#8217;ye Y\u00f6nelik \u0130craatlar\u0131 Uluslararas\u0131 Kanun Ve \u00d6rfleri A\u015ft\u0131\u011f\u0131n\u0131.. Suriye Halk\u0131 ve Ordusunun Siyah \u0130cram Su\u00e7lular\u0131na Y\u0131k\u0131lan Projelerini Ge\u00e7i\u015ftirmelerine \u0130zin Vermeyecektir"},"content":{"rendered":"<p>\u015eAM \u2013 D\u0131\u015fi\u015fleri ve Gurbet\u00e7iler Bakanl\u0131\u011f\u0131 S\u00f6zde Sezar Yasas\u0131n\u0131n uygulanmas\u0131 uyar\u0131nca Suriyeye y\u00f6nelik yapt\u0131r\u0131mlar\u0131n ilk paketinin Amerikan y\u00f6netiminin uluslararas\u0131 t\u00fcm kanun ve \u00f6rfleri ve ayn\u0131 mafyalar\u0131n ve e\u015fk\u0131yalar\u0131n hareketlerine varana kadar bu y\u00f6netimin yetkililerini a\u015ft\u0131\u011f\u0131n\u0131 belirterek, Suriye halk\u0131n\u0131n ve kahraman ordusunun siyah icram su\u00e7lular\u0131na y\u0131k\u0131lan projelerini ge\u00e7i\u015ftirmelerine izin vermeyece\u011fini vurgulad\u0131.<\/p>\n<p>D\u0131\u015fi\u015fleri ve Gurbet\u00e7iler Bakanl\u0131\u011f\u0131nda resmi bir kaynak SANA&#8217;ya bug\u00fcn yapt\u0131\u011f\u0131 a\u00e7\u0131klamada, s\u00f6zde &#8220;Sezar Yasas\u0131&#8221;n\u0131n uygulanmas\u0131 uyar\u0131nca Suriyeye y\u00f6nelik yapt\u0131r\u0131mlar\u0131n ilk paketinin Amerikan y\u00f6netiminin uluslararas\u0131 t\u00fcm kanun ve \u00f6rfleri, ayn\u0131 mafyalar\u0131n ve e\u015fk\u0131yalar\u0131n hareketlerine varana kadar bu y\u00f6netimin yetkililerini a\u015ft\u0131\u011f\u0131n\u0131 belirtti.<\/p>\n<p>Kaynak, t\u00fcm vilayetlerinin sokaklar\u0131nda vatanda\u015flar\u0131n\u0131 kovalayan, insanlar\u0131 so\u011fukkanl\u0131l\u0131kla \u00f6ld\u00fcren ve \u00fclkenin as\u0131l sakinlerine kar\u015f\u0131 kurucular\u0131 atalar\u0131n\u0131n katliamlarini tekrarlamada \u0131rk\u00e7\u0131l\u0131\u011f\u0131n en k\u00f6t\u00fc \u015fekillerini uygulayan Amerikan idaresinin, insan haklar\u0131ndan s\u00f6z edecek son idare olaca\u011f\u0131n\u0131 \u00e7\u00fcnk\u00fc, Amerikan idarelerinin \u00fclkelerini \u00f6ld\u00fcrme k\u00fclt\u00fcr\u00fc \u00fczerine kurduklar\u0131n\u0131, hi\u00e7 bir de\u011fere \u00f6nem vermedi\u011fini, t\u00fcm \u00f6rf ve kanunlar\u0131 da k\u00fc\u00e7\u00fcmsedigini s\u00f6yledi.<\/p>\n<p>Kaynak, ABD y\u00f6netiminin Suriye&#8217;de insan haklar\u0131ndan s\u00f6z etmesinin yalan ve nifak\u0131n en \u00e7irkin \u015fekillerini a\u015ft\u0131\u011f\u0131n\u0131, Suriyelilerin kan\u0131n\u0131 ak\u0131tan ve ba\u015far\u0131lar\u0131n\u0131 y\u0131kan ter\u00f6r\u00fc desteklemedeki politikalar\u0131n\u0131n yalanlad\u0131\u011f\u0131n\u0131, Suriye halk\u0131na kar\u015f\u0131 yapt\u0131r\u0131mlar\u0131 tirmandirman\u0131n bu ter\u00f6re yeni boyut ve \u015fekil kazand\u0131rmak, sars\u0131lan projesini bo\u011fulmaktan kurtarmak ve ter\u00f6ristlerden edatlar\u0131n\u0131n hezimetini \u00f6rtbas etmek i\u00e7in geldi\u011fine dikkat \u00e7ekti .<\/p>\n<p>Kaynak, \u00e7ok say\u0131da \u00fclkenin me\u015fr\u0131u olmayan tek tarafl\u0131 icraatlar\u0131 k\u0131nad\u0131\u011f\u0131n\u0131 veinsanl\u0131\u011fa kar\u015f\u0131 su\u00e7, \u00fclkelerin egemenli\u011fine sald\u0131r\u0131, en basit insan haklar\u0131na a\u00e7\u0131k ihlal olmas\u0131 itbariyle insani ve politik \u015f\u0131klar\u0131yla uluslararas\u0131 kanuna a\u00e7\u0131k ihlal olmas\u0131ndan dolay\u0131 derhal kald\u0131r\u0131lmas\u0131n\u0131 talep etiklerini ifade etti.<\/p>\n<p>Kaynak: Suriye halk\u0131n\u0131n, Suriye&#8217;nin egemenli\u011fi, toprak ve halk olarak savunma yolunda ABD projesine kar\u015f\u0131 kahramanl\u0131k destanlar\u0131 ve efsanevi direni\u015fiyle d\u00fc\u015f\u00fcren kahraman ordusunun, Beyaz Saraydaki siyasilere y\u00f6nelik profesyonel m\u00fccrimlerin yerle bir olan projelerini aya\u011fa kald\u0131r\u0131mlar\u0131na izin vermeyece\u011fini, bu kahraman halk\u0131n da yapt\u0131r\u0131mlar\u0131n\u0131 ter\u00f6rist gruplardan Amerikan edatlar\u0131n\u0131 yenilgiye u\u011fratmada ayn\u0131 azim ve \u0131srara sahip oldu\u011funu, hi\u00e7 kimsenin Trump ve idaresindeki yetkililerin Suriyelilere \u00f6zen g\u00f6sterdiklerine dair yalanlar\u0131yla \u0131 ayn\u0131 \u0130srail&#8217;in b\u00f6lgedeki \u00e7\u0131karlar\u0131 i\u00e7in \u00f6l\u00fcm, y\u0131k\u0131m ve istikrars\u0131zl\u0131k eken politikalar\u0131nda oldu\u011fu gibi hedeflerinin de ortaya \u00e7\u0131kt\u0131\u011f\u0131na i\u015faret etti.<\/p>\n<p>\u00c7eviri: P.M.<\/p>\n","protected":false},"excerpt":{"rendered":"<p>\u015eAM \u2013 D\u0131\u015fi\u015fleri ve Gurbet\u00e7iler Bakanl\u0131\u011f\u0131 S\u00f6zde Sezar Yasas\u0131n\u0131n uygulanmas\u0131 uyar\u0131nca Suriyeye y\u00f6nelik yapt\u0131r\u0131mlar\u0131n ilk paketinin Amerikan y\u00f6netiminin uluslararas\u0131 t\u00fcm kanun ve \u00f6rfleri ve ayn\u0131 mafyalar\u0131n ve e\u015fk\u0131yalar\u0131n hareketlerine varana kadar bu y\u00f6netimin yetkililerini a\u015ft\u0131\u011f\u0131n\u0131 belirterek, Suriye halk\u0131n\u0131n ve kahraman ordusunun siyah icram su\u00e7lular\u0131na y\u0131k\u0131lan projelerini ge\u00e7i\u015ftirmelerine izin vermeyece\u011fini vurgulad\u0131. D\u0131\u015fi\u015fleri ve Gurbet\u00e7iler Bakanl\u0131\u011f\u0131nda resmi &hellip;<\/p>\n","protected":false},"author":1,"featured_media":212072,"comment_status":"closed","ping_status":"closed","sticky":false,"template":"","format":"standard","meta":{"footnotes":""},"categories":[479,17988,478],"tags":[],"class_list":["post-212071","post","type-post","status-publish","format-standard","has-post-thumbnail","","category-haberler-yerel","category-son-haberler","category-yerel"],"_links":{"self":[{"href":"https:\/\/archive.sana.sy\/tr\/index.php?rest_route=\/wp\/v2\/posts\/212071","targetHints":{"allow":["GET"]}}],"collection":[{"href":"https:\/\/archive.sana.sy\/tr\/index.php?rest_route=\/wp\/v2\/posts"}],"about":[{"href":"https:\/\/archive.sana.sy\/tr\/index.php?rest_route=\/wp\/v2\/types\/post"}],"author":[{"embeddable":true,"href":"https:\/\/archive.sana.sy\/tr\/index.php?rest_route=\/wp\/v2\/users\/1"}],"replies":[{"embeddable":true,"href":"https:\/\/archive.sana.sy\/tr\/index.php?rest_route=%2Fwp%2Fv2%2Fcomments&post=212071"}],"version-history":[{"count":0,"href":"https:\/\/archive.sana.sy\/tr\/index.php?rest_route=\/wp\/v2\/posts\/212071\/revisions"}],"wp:featuredmedia":[{"embeddable":true,"href":"https:\/\/archive.sana.sy\/tr\/index.php?rest_route=\/wp\/v2\/media\/212072"}],"wp:attachment":[{"href":"https:\/\/archive.sana.sy\/tr\/index.php?rest_route=%2Fwp%2Fv2%2Fmedia&parent=212071"}],"wp:term":[{"taxonomy":"category","embeddable":true,"href":"https:\/\/archive.sana.sy\/tr\/index.php?rest_route=%2Fwp%2Fv2%2Fcategories&post=212071"},{"taxonomy":"post_tag","embeddable":true,"href":"https:\/\/archive.sana.sy\/tr\/index.php?rest_route=%2Fwp%2Fv2%2Ftags&post=212071"}],"curies":[{"name":"wp","href":"https:\/\/api.w.org\/{rel}","templated":true}]}}