{"id":212108,"date":"2020-06-18T12:28:03","date_gmt":"2020-06-18T09:28:03","guid":{"rendered":"http:\/\/www.sana.sy\/tr\/?p=212108"},"modified":"2020-06-19T15:01:51","modified_gmt":"2020-06-19T12:01:51","slug":"sb-dun-koronadan-vefat-eden-kadinla-temas-halinde-olan-9-vaka-tescil-edildi","status":"publish","type":"post","link":"https:\/\/archive.sana.sy\/tr\/?p=212108","title":{"rendered":"SB: D\u00fcn Korona&#8217;dan Vefat Eden Kad\u0131nla Temas Halinde Olan 9 Vaka Tescil Edildi"},"content":{"rendered":"<p>\u015eAM \u2013 Sa\u011fl\u0131k Bakanl\u0131\u011f\u0131 bug\u00fcn d\u00fcn Korona enfeksiyonundan dolay\u0131 vefat eden 70&#8217;li kad\u0131n ile temas halinde olan 9 vakan\u0131n tescil edildi\u011fini b\u00f6ylece Suriye&#8217;de vir\u00fcse yakalananlar\u0131n say\u0131s\u0131n\u0131n 187&#8217;ye y\u00fckseldi\u011fini ilan etti.<\/p>\n<p>Bakanl\u0131k yay\u0131nlad\u0131\u011f\u0131 ve SANA&#8217;n\u0131n bir n\u00fcshas\u0131n\u0131 ald\u0131\u011f\u0131 beyan\u0131nda, 70&#8217;li kad\u0131n\u0131n d\u00fcn vefat etmesi ve korona vir\u00fcs\u00fcne yakaland\u0131\u011f\u0131 tespit edilmesinden sonra izleme ve soru\u015fturma ekiplerinin Kunaytra ilinde kad\u0131nla temas halinde olan \u015fah\u0131slar\u0131 izlemeye ald\u0131klar\u0131n\u0131 ve gerekli testlerin yap\u0131lmas\u0131 ard\u0131ndan 9 ki\u015finin vir\u00fcse yakaland\u0131\u011f\u0131n\u0131n g\u00f6r\u00fcld\u00fc\u011f\u00fcn\u00fc ve hepsinin Kunaytra Hastanesindeki izolasyon merkezine koyulduklar\u0131n\u0131 s\u00f6yledi.<\/p>\n<p>Bakanl\u0131k beyan\u0131nda, Suriye&#8217;de tescil edilen korona vir\u00fcs vakalar\u0131 bilan\u00e7osunun bug\u00fcne kadar 187&#8217;ye ula\u015ft\u0131\u011f\u0131n\u0131 bunlar\u0131n 78&#8217;nin iyile\u015fti\u011fini ve 7&#8217;sinin vefat etti\u011fine i\u015faret etti.<\/p>\n<p>Bakanl\u0131k ayr\u0131ca vatanda\u015flar\u0131 ihtiyati t\u0131bbi icraatlara ba\u011fl\u0131 kalmaya, kendileri ve kamu sa\u011fl\u0131\u011f\u0131n\u0131 korumak amac\u0131yla ihmal etmemeye \u00e7a\u011f\u0131rd\u0131.<\/p>\n<p>\u00c7eviri: M.Y ve S.S<\/p>\n","protected":false},"excerpt":{"rendered":"<p>\u015eAM \u2013 Sa\u011fl\u0131k Bakanl\u0131\u011f\u0131 bug\u00fcn d\u00fcn Korona enfeksiyonundan dolay\u0131 vefat eden 70&#8217;li kad\u0131n ile temas halinde olan 9 vakan\u0131n tescil edildi\u011fini b\u00f6ylece Suriye&#8217;de vir\u00fcse yakalananlar\u0131n say\u0131s\u0131n\u0131n 187&#8217;ye y\u00fckseldi\u011fini ilan etti. Bakanl\u0131k yay\u0131nlad\u0131\u011f\u0131 ve SANA&#8217;n\u0131n bir n\u00fcshas\u0131n\u0131 ald\u0131\u011f\u0131 beyan\u0131nda, 70&#8217;li kad\u0131n\u0131n d\u00fcn vefat etmesi ve korona vir\u00fcs\u00fcne yakaland\u0131\u011f\u0131 tespit edilmesinden sonra izleme ve soru\u015fturma ekiplerinin Kunaytra &hellip;<\/p>\n","protected":false},"author":36,"featured_media":212141,"comment_status":"closed","ping_status":"closed","sticky":false,"template":"","format":"standard","meta":{"footnotes":""},"categories":[526,479,17988,525,478],"tags":[],"class_list":["post-212108","post","type-post","status-publish","format-standard","has-post-thumbnail","","category-haber-ve-raporlar","category-haberler-yerel","category-son-haberler","category-toplum","category-yerel"],"_links":{"self":[{"href":"https:\/\/archive.sana.sy\/tr\/index.php?rest_route=\/wp\/v2\/posts\/212108","targetHints":{"allow":["GET"]}}],"collection":[{"href":"https:\/\/archive.sana.sy\/tr\/index.php?rest_route=\/wp\/v2\/posts"}],"about":[{"href":"https:\/\/archive.sana.sy\/tr\/index.php?rest_route=\/wp\/v2\/types\/post"}],"author":[{"embeddable":true,"href":"https:\/\/archive.sana.sy\/tr\/index.php?rest_route=\/wp\/v2\/users\/36"}],"replies":[{"embeddable":true,"href":"https:\/\/archive.sana.sy\/tr\/index.php?rest_route=%2Fwp%2Fv2%2Fcomments&post=212108"}],"version-history":[{"count":0,"href":"https:\/\/archive.sana.sy\/tr\/index.php?rest_route=\/wp\/v2\/posts\/212108\/revisions"}],"wp:featuredmedia":[{"embeddable":true,"href":"https:\/\/archive.sana.sy\/tr\/index.php?rest_route=\/wp\/v2\/media\/212141"}],"wp:attachment":[{"href":"https:\/\/archive.sana.sy\/tr\/index.php?rest_route=%2Fwp%2Fv2%2Fmedia&parent=212108"}],"wp:term":[{"taxonomy":"category","embeddable":true,"href":"https:\/\/archive.sana.sy\/tr\/index.php?rest_route=%2Fwp%2Fv2%2Fcategories&post=212108"},{"taxonomy":"post_tag","embeddable":true,"href":"https:\/\/archive.sana.sy\/tr\/index.php?rest_route=%2Fwp%2Fv2%2Ftags&post=212108"}],"curies":[{"name":"wp","href":"https:\/\/api.w.org\/{rel}","templated":true}]}}