{"id":21218,"date":"2015-01-19T11:57:20","date_gmt":"2015-01-19T09:57:20","guid":{"rendered":"http:\/\/www.sana.sy\/tr\/?p=21218"},"modified":"2015-01-19T11:57:20","modified_gmt":"2015-01-19T09:57:20","slug":"askeri-kaynak-ordu-birliklerimizin-dera-beled-mensiyye-semtinde-cok-satida-teroristi-oldurerek-agir-taramali-silahlarla-donanimli-bir-kac-araci-da-imha-etti","status":"publish","type":"post","link":"https:\/\/archive.sana.sy\/tr\/?p=21218","title":{"rendered":"Askeri kaynak, ordu birliklerimizin Dera Beled Men\u015fiyye Semtinde \u00e7ok sat\u0131da ter\u00f6risti \u00f6ld\u00fcrerek a\u011f\u0131r taramal\u0131 silahlarla donan\u0131ml\u0131 bir ka\u00e7 arac\u0131 da imha etti."},"content":{"rendered":"<p>Askeri kaynak, ordu birliklerimizin Dera Beled Men\u015fiyye Semtinde \u00e7ok sat\u0131da ter\u00f6risti \u00f6ld\u00fcrerek a\u011f\u0131r taramal\u0131 silahlarla donan\u0131ml\u0131 bir ka\u00e7 arac\u0131 da imha etti.<\/p>\n","protected":false},"excerpt":{"rendered":"<p>Askeri kaynak, ordu birliklerimizin Dera Beled Men\u015fiyye Semtinde \u00e7ok sat\u0131da ter\u00f6risti \u00f6ld\u00fcrerek a\u011f\u0131r taramal\u0131 silahlarla donan\u0131ml\u0131 bir ka\u00e7 arac\u0131 da imha etti.<\/p>\n","protected":false},"author":1,"featured_media":0,"comment_status":"closed","ping_status":"closed","sticky":false,"template":"","format":"standard","meta":{"footnotes":""},"categories":[1],"tags":[1031,10289],"class_list":["post-21218","post","type-post","status-publish","format-standard","","category-news-not-sorted","tag-askeri-kaynak","tag-ordu-birliklerimizin-dera-beled-mensiyye-semtinde-cok-satida-teroristi-oldurerek-agir-taramali-silahlarla-donanimli-bir-kac-araci-da-imha-etti"],"_links":{"self":[{"href":"https:\/\/archive.sana.sy\/tr\/index.php?rest_route=\/wp\/v2\/posts\/21218","targetHints":{"allow":["GET"]}}],"collection":[{"href":"https:\/\/archive.sana.sy\/tr\/index.php?rest_route=\/wp\/v2\/posts"}],"about":[{"href":"https:\/\/archive.sana.sy\/tr\/index.php?rest_route=\/wp\/v2\/types\/post"}],"author":[{"embeddable":true,"href":"https:\/\/archive.sana.sy\/tr\/index.php?rest_route=\/wp\/v2\/users\/1"}],"replies":[{"embeddable":true,"href":"https:\/\/archive.sana.sy\/tr\/index.php?rest_route=%2Fwp%2Fv2%2Fcomments&post=21218"}],"version-history":[{"count":0,"href":"https:\/\/archive.sana.sy\/tr\/index.php?rest_route=\/wp\/v2\/posts\/21218\/revisions"}],"wp:attachment":[{"href":"https:\/\/archive.sana.sy\/tr\/index.php?rest_route=%2Fwp%2Fv2%2Fmedia&parent=21218"}],"wp:term":[{"taxonomy":"category","embeddable":true,"href":"https:\/\/archive.sana.sy\/tr\/index.php?rest_route=%2Fwp%2Fv2%2Fcategories&post=21218"},{"taxonomy":"post_tag","embeddable":true,"href":"https:\/\/archive.sana.sy\/tr\/index.php?rest_route=%2Fwp%2Fv2%2Ftags&post=21218"}],"curies":[{"name":"wp","href":"https:\/\/api.w.org\/{rel}","templated":true}]}}