{"id":21220,"date":"2015-01-19T12:18:49","date_gmt":"2015-01-19T10:18:49","guid":{"rendered":"http:\/\/www.sana.sy\/tr\/?p=21220"},"modified":"2015-01-19T12:18:49","modified_gmt":"2015-01-19T10:18:49","slug":"askeri-kaynak-ordu-ve-silahli-kuvvetlerimize-tabi-ordu-birliklerimizin-homs-dogu-kirsalinin-resten-el-kin-daginda-tekfiri-teror-orgutleri-saflarinda-cok-sayida-teroristi-olu-ve-yarali-dusurduklerini","status":"publish","type":"post","link":"https:\/\/archive.sana.sy\/tr\/?p=21220","title":{"rendered":"Askeri kaynak, ordu ve silahl\u0131 kuvvetlerimize tabi ordu birliklerimizin Homs do\u011fu k\u0131rsal\u0131n\u0131n Resten El Kin Da\u011f\u0131nda tekfiri ter\u00f6r \u00f6rg\u00fctleri saflar\u0131nda \u00e7ok say\u0131da ter\u00f6risti \u00f6l\u00fc ve yaral\u0131 d\u00fc\u015f\u00fcrd\u00fcklerini, Rahum K\u00f6y\u00fcnde de I\u015e\u0130D ter\u00f6r \u00f6rg\u00fct\u00fcnden baz\u0131 ter\u00f6ristleri \u00f6ld\u00fcrerek bir ara\u00e7lar\u0131n\u0131 da imha ettiklerini s\u00f6yledi."},"content":{"rendered":"<p>Askeri kaynak, ordu ve silahl\u0131 kuvvetlerimize tabi ordu birliklerimizin Homs do\u011fu k\u0131rsal\u0131n\u0131n Resten El Kin Da\u011f\u0131nda tekfiri ter\u00f6r \u00f6rg\u00fctleri saflar\u0131nda \u00e7ok say\u0131da ter\u00f6risti \u00f6l\u00fc ve yaral\u0131 d\u00fc\u015f\u00fcrd\u00fcklerini, Rahum K\u00f6y\u00fcnde de I\u015e\u0130D ter\u00f6r \u00f6rg\u00fct\u00fcnden baz\u0131 ter\u00f6ristleri \u00f6ld\u00fcrerek bir ara\u00e7lar\u0131n\u0131 da imha ettiklerini s\u00f6yledi.<\/p>\n","protected":false},"excerpt":{"rendered":"<p>Askeri kaynak, ordu ve silahl\u0131 kuvvetlerimize tabi ordu birliklerimizin Homs do\u011fu k\u0131rsal\u0131n\u0131n Resten El Kin Da\u011f\u0131nda tekfiri ter\u00f6r \u00f6rg\u00fctleri saflar\u0131nda \u00e7ok say\u0131da ter\u00f6risti \u00f6l\u00fc ve yaral\u0131 d\u00fc\u015f\u00fcrd\u00fcklerini, Rahum K\u00f6y\u00fcnde de I\u015e\u0130D ter\u00f6r \u00f6rg\u00fct\u00fcnden baz\u0131 ter\u00f6ristleri \u00f6ld\u00fcrerek bir ara\u00e7lar\u0131n\u0131 da imha ettiklerini s\u00f6yledi.<\/p>\n","protected":false},"author":1,"featured_media":0,"comment_status":"closed","ping_status":"closed","sticky":false,"template":"","format":"standard","meta":{"footnotes":""},"categories":[1],"tags":[1031,10290,10291],"class_list":["post-21220","post","type-post","status-publish","format-standard","","category-news-not-sorted","tag-askeri-kaynak","tag-ordu-ve-silahli-kuvvetlerimize-tabi-ordu-birliklerimizin-homs-dogu-kirsalinin-resten-el-kin-daginda-tekfiri-teror-orgutleri-saflarinda-cok-sayida-teroristi-olu-ve-yarali-dusurduklerini","tag-rahum-koyunde-de-isid-teror-orgutunden-bazi-teroristleri-oldurerek-bir-araclarini-da-imha-ettiklerini-soyledi"],"_links":{"self":[{"href":"https:\/\/archive.sana.sy\/tr\/index.php?rest_route=\/wp\/v2\/posts\/21220","targetHints":{"allow":["GET"]}}],"collection":[{"href":"https:\/\/archive.sana.sy\/tr\/index.php?rest_route=\/wp\/v2\/posts"}],"about":[{"href":"https:\/\/archive.sana.sy\/tr\/index.php?rest_route=\/wp\/v2\/types\/post"}],"author":[{"embeddable":true,"href":"https:\/\/archive.sana.sy\/tr\/index.php?rest_route=\/wp\/v2\/users\/1"}],"replies":[{"embeddable":true,"href":"https:\/\/archive.sana.sy\/tr\/index.php?rest_route=%2Fwp%2Fv2%2Fcomments&post=21220"}],"version-history":[{"count":0,"href":"https:\/\/archive.sana.sy\/tr\/index.php?rest_route=\/wp\/v2\/posts\/21220\/revisions"}],"wp:attachment":[{"href":"https:\/\/archive.sana.sy\/tr\/index.php?rest_route=%2Fwp%2Fv2%2Fmedia&parent=21220"}],"wp:term":[{"taxonomy":"category","embeddable":true,"href":"https:\/\/archive.sana.sy\/tr\/index.php?rest_route=%2Fwp%2Fv2%2Fcategories&post=21220"},{"taxonomy":"post_tag","embeddable":true,"href":"https:\/\/archive.sana.sy\/tr\/index.php?rest_route=%2Fwp%2Fv2%2Ftags&post=21220"}],"curies":[{"name":"wp","href":"https:\/\/api.w.org\/{rel}","templated":true}]}}