{"id":21235,"date":"2015-01-19T22:50:50","date_gmt":"2015-01-19T20:50:50","guid":{"rendered":"http:\/\/www.sana.sy\/tr\/?p=21235"},"modified":"2015-01-20T20:34:22","modified_gmt":"2015-01-20T18:34:22","slug":"cozum-icin-terore-karsi-savas-ve-teroru-destekleyen-devletlere-baski-gerekiyor","status":"publish","type":"post","link":"https:\/\/archive.sana.sy\/tr\/?p=21235","title":{"rendered":"\u00c7\u00f6z\u00fcm \u0130\u00e7in Ter\u00f6re Kar\u015f\u0131 Sava\u015f ve Ter\u00f6r\u00fc Destekleyen Devletlere Bask\u0131 Gerekiyor"},"content":{"rendered":"<p>\u015eAM \u2013 Cumhurba\u015fkan\u0131 Be\u015f\u015far el Esad Uluslararas\u0131 Parlamentolar Birli\u011fi (IPU) Genel Sekreteri Martin Chungong\u2019u kabul etti.<\/p>\n<p><a href=\"http:\/\/www.sana.sy\/tr\/wp-content\/uploads\/2015\/01\/el-Esad.jpg\"><img loading=\"lazy\" decoding=\"async\" class=\"alignright wp-image-21248 size-medium\" src=\"http:\/\/www.sana.sy\/tr\/wp-content\/uploads\/2015\/01\/el-Esad-300x191.jpg\" alt=\"el Esad\" width=\"300\" height=\"191\" srcset=\"https:\/\/archive.sana.sy\/tr\/wp-content\/uploads\/2015\/01\/el-Esad-300x191.jpg 300w, https:\/\/archive.sana.sy\/tr\/wp-content\/uploads\/2015\/01\/el-Esad-150x96.jpg 150w, https:\/\/archive.sana.sy\/tr\/wp-content\/uploads\/2015\/01\/el-Esad.jpg 960w\" sizes=\"auto, (max-width: 300px) 100vw, 300px\" \/><\/a>Uluslararas\u0131 Parlamentolar Birli\u011finin, maruz kald\u0131\u011f\u0131 ter\u00f6re kar\u015f\u0131 sava\u015f\u0131nda Suriye&#8217;yi destekledi\u011fini belirten Chungong; bu ter\u00f6r\u00fcn sadece Suriye ve b\u00f6lge \u00fclkelerinde s\u0131n\u0131rl\u0131 kalmay\u0131p t\u00fcm d\u00fcnyaya tehlike te\u015fkil etmeye ba\u015flad\u0131\u011f\u0131n\u0131 ifade etti.<\/p>\n<p>Chungong Suriye&#8217;de mevcut durumlar\u0131 yak\u0131ndan g\u00f6rme ve ger\u00e7ekleri objektif bir \u015fekilde g\u00f6rmede Suriye&#8217;ye ziyaretinin \u00f6nemine dikkat \u00e7ekti. G\u00f6rd\u00fc\u011f\u00fc bu ger\u00e7ekleri uluslar aras\u0131 parlamentolara aktarmaya \u00e7al\u0131\u015faca\u011f\u0131n\u0131 s\u00f6yleyen Chungong; ayn\u0131 zamanda Suriye&#8217;deki krize siyasi \u00e7\u00f6z\u00fcm sa\u011flama ve Suriyelilerin herhangi bir d\u0131\u015f m\u00fcdahale olmaks\u0131z\u0131n kendi geleceklerini kendi elleriyle belirlemeye katk\u0131 sa\u011flayacak herhangi bir \u00e7abay\u0131 desteklemek i\u00e7in ITU arac\u0131l\u0131\u011f\u0131 ile \u00e7aba harcayaca\u011f\u0131n\u0131 belirtti.<\/p>\n<p><a href=\"http:\/\/www.sana.sy\/tr\/wp-content\/uploads\/2015\/01\/Esad-41.jpg\"><img loading=\"lazy\" decoding=\"async\" class=\"alignright wp-image-21261 size-medium\" src=\"http:\/\/www.sana.sy\/tr\/wp-content\/uploads\/2015\/01\/Esad-41-300x125.jpg\" alt=\"Esad 4\" width=\"300\" height=\"125\" srcset=\"https:\/\/archive.sana.sy\/tr\/wp-content\/uploads\/2015\/01\/Esad-41-300x125.jpg 300w, https:\/\/archive.sana.sy\/tr\/wp-content\/uploads\/2015\/01\/Esad-41-150x63.jpg 150w, https:\/\/archive.sana.sy\/tr\/wp-content\/uploads\/2015\/01\/Esad-41-1024x428.jpg 1024w\" sizes=\"auto, (max-width: 300px) 100vw, 300px\" \/><\/a>G\u00f6r\u00fc\u015fmede el Esad Suriye&#8217;nin herhangi bir d\u0131\u015f m\u00fcdahale olmaks\u0131z\u0131n diyalog arac\u0131l\u0131\u011f\u0131 ile siyasi \u00e7\u00f6z\u00fcme tutunmu\u015f oldu\u011funu belirtti. Suriye&#8217;nin ayn\u0131 zamanda yerel uzla\u015fma \u00e7abalar\u0131nda ilerlemeye ve geni\u015fletmeye devam etti\u011fini vurgulayan el Esad, yerel uzla\u015fmalar\u0131n bir dizi b\u00f6lgede ba\u015far\u0131 kaydetti\u011fine dikkat \u00e7ekti.<\/p>\n<p>Cumhurba\u015fkan\u0131 el Esad diyalog ve siyasi \u00e7\u00f6z\u00fcm\u00fcn ter\u00f6re kar\u015f\u0131 sava\u015f\u0131n s\u00fcrd\u00fcr\u00fclmesini gerektirdi\u011fine dikkat \u00e7ekti. Ter\u00f6r\u00fc muhtelif \u015fekillerde destekleyen devletlerin de bu desteklerini kesmeye zorlanmalar\u0131 \u00f6neminin alt\u0131n\u0131 \u00e7izen el Esad Uluslararas\u0131 Parlamentolar Birli\u011fi ve \u00fcye parlamentolar\u0131n bu konuda \u00f6nemli bir rol oynayabileceklerine vurgu yapt\u0131.<\/p>\n<p><a href=\"http:\/\/www.sana.sy\/tr\/wp-content\/uploads\/2015\/01\/Esad-15.jpg\"><img loading=\"lazy\" decoding=\"async\" class=\"alignright wp-image-21258 size-medium\" src=\"http:\/\/www.sana.sy\/tr\/wp-content\/uploads\/2015\/01\/Esad-15-300x181.jpg\" alt=\"Esad 1\" width=\"300\" height=\"181\" srcset=\"https:\/\/archive.sana.sy\/tr\/wp-content\/uploads\/2015\/01\/Esad-15-300x181.jpg 300w, https:\/\/archive.sana.sy\/tr\/wp-content\/uploads\/2015\/01\/Esad-15-150x90.jpg 150w, https:\/\/archive.sana.sy\/tr\/wp-content\/uploads\/2015\/01\/Esad-15-1024x617.jpg 1024w\" sizes=\"auto, (max-width: 300px) 100vw, 300px\" \/><\/a>Cumhurba\u015fkan\u0131 el Esad uygulanan ve uygulanmakta olan siyasi ve medya \u00e7arp\u0131tmalar\u0131ndan uzak bir \u015fekilde Suriye&#8217;de ba\u015fta olmak \u00fczere t\u00fcm d\u00fcnyada ya\u015fanan durumlar\u0131 yak\u0131ndan g\u00f6rme ve ona g\u00f6re objektif bir tutum belirleme \u00f6neminin alt\u0131n\u0131 \u00e7izdi. Bunun d\u00fcnyadaki sorunlar\u0131n daha kolay bir \u015fekilde \u00e7\u00f6z\u00fclmesine katk\u0131 sa\u011flayaca\u011f\u0131na dikkat \u00e7eken el Esad; muhtelif kurumlar\u0131 ile devletler aras\u0131ndaki ileti\u015fimin zay\u0131fl\u0131\u011f\u0131n\u0131n d\u00fcnyadaki sorunlar\u0131n \u00e7\u00f6z\u00fcm\u00fcne olumsuz yans\u0131d\u0131\u011f\u0131n\u0131 belirtti.<\/p>\n<p>G\u00f6r\u00fc\u015fmeye Halk Meclisi Ba\u015fkan\u0131 Muhammed Cihat el Lahham ve Uluslararas\u0131 Parlamentolar Birli\u011fi genel sekreterinin Arap i\u015flerinden sorumlu ba\u015f dan\u0131\u015fman\u0131 Muhtar \u00d6mer kat\u0131ld\u0131lar.<\/p>\n<p>A.A<\/p>\n","protected":false},"excerpt":{"rendered":"<p>\u015eAM \u2013 Cumhurba\u015fkan\u0131 Be\u015f\u015far el Esad Uluslararas\u0131 Parlamentolar Birli\u011fi (IPU) Genel Sekreteri Martin Chungong\u2019u kabul etti. Uluslararas\u0131 Parlamentolar Birli\u011finin, maruz kald\u0131\u011f\u0131 ter\u00f6re kar\u015f\u0131 sava\u015f\u0131nda Suriye&#8217;yi destekledi\u011fini belirten Chungong; bu ter\u00f6r\u00fcn sadece Suriye ve b\u00f6lge \u00fclkelerinde s\u0131n\u0131rl\u0131 kalmay\u0131p t\u00fcm d\u00fcnyaya tehlike te\u015fkil etmeye ba\u015flad\u0131\u011f\u0131n\u0131 ifade etti. Chungong Suriye&#8217;de mevcut durumlar\u0131 yak\u0131ndan g\u00f6rme ve ger\u00e7ekleri objektif bir &hellip;<\/p>\n","protected":false},"author":1,"featured_media":21264,"comment_status":"closed","ping_status":"closed","sticky":false,"template":"","format":"standard","meta":{"footnotes":""},"categories":[608,479,605,478],"tags":[10303,10304],"class_list":["post-21235","post","type-post","status-publish","format-standard","has-post-thumbnail","","category-etkinlikler","category-haberler-yerel","category-sayin-cumhurbaskani","category-yerel","tag-cozum-icin-terore-karsi-savas-ve-teroru-destekleyen-devletlere-baski-gerekiyor-sam-cumhurbaskani-bessar-el-esad-uluslararasi-parlamentolar-birligi-genel-sekreteri-martin-chungong-ve-ona-esli","tag-yerel-uzlasmalarin-bir-dizi-bolgede-basari-kaydettigine-dikkat-cekti-cumhurbaskani-el-esad-diyalog-ve-siyasi-cozumun-terore-karsi-savasin-surdurulmesini-gerektirdigine-dikkat-cekti-teroru-muhtelif-s"],"_links":{"self":[{"href":"https:\/\/archive.sana.sy\/tr\/index.php?rest_route=\/wp\/v2\/posts\/21235","targetHints":{"allow":["GET"]}}],"collection":[{"href":"https:\/\/archive.sana.sy\/tr\/index.php?rest_route=\/wp\/v2\/posts"}],"about":[{"href":"https:\/\/archive.sana.sy\/tr\/index.php?rest_route=\/wp\/v2\/types\/post"}],"author":[{"embeddable":true,"href":"https:\/\/archive.sana.sy\/tr\/index.php?rest_route=\/wp\/v2\/users\/1"}],"replies":[{"embeddable":true,"href":"https:\/\/archive.sana.sy\/tr\/index.php?rest_route=%2Fwp%2Fv2%2Fcomments&post=21235"}],"version-history":[{"count":0,"href":"https:\/\/archive.sana.sy\/tr\/index.php?rest_route=\/wp\/v2\/posts\/21235\/revisions"}],"wp:featuredmedia":[{"embeddable":true,"href":"https:\/\/archive.sana.sy\/tr\/index.php?rest_route=\/wp\/v2\/media\/21264"}],"wp:attachment":[{"href":"https:\/\/archive.sana.sy\/tr\/index.php?rest_route=%2Fwp%2Fv2%2Fmedia&parent=21235"}],"wp:term":[{"taxonomy":"category","embeddable":true,"href":"https:\/\/archive.sana.sy\/tr\/index.php?rest_route=%2Fwp%2Fv2%2Fcategories&post=21235"},{"taxonomy":"post_tag","embeddable":true,"href":"https:\/\/archive.sana.sy\/tr\/index.php?rest_route=%2Fwp%2Fv2%2Ftags&post=21235"}],"curies":[{"name":"wp","href":"https:\/\/api.w.org\/{rel}","templated":true}]}}