{"id":21241,"date":"2015-01-19T22:00:24","date_gmt":"2015-01-19T20:00:24","guid":{"rendered":"http:\/\/sana.sy\/tr\/?p=21241"},"modified":"2015-01-20T20:26:13","modified_gmt":"2015-01-20T18:26:13","slug":"isid-teror-orgutu-artiklarini-kovalama-operasyonlarinda-buyuk-basarilar","status":"publish","type":"post","link":"https:\/\/archive.sana.sy\/tr\/?p=21241","title":{"rendered":"Ter\u00f6r Efendilerinin Komutas\u0131ndaki \u00c7etelerin A\u011f\u0131r Kay\u0131plar\u0131 Devam Ediyor"},"content":{"rendered":"<p>\u0130LLER \u2013 Kahraman ordu birliklerimizin silahl\u0131 ter\u00f6r \u00f6rg\u00fctlerine y\u00f6nelik d\u00fczenledi\u011fi ba\u015far\u0131l\u0131 operasyonlar\u0131n\u0131 s\u00fcrd\u00fcr\u00fcrken \u00e7ok say\u0131da ter\u00f6rist, silah, cephane ve ara\u00e7lar\u0131yla birlikte etkisi hale getirildi.<\/p>\n<p><span style=\"color: #0000ff\">Dera\u2019da \u0130srail\u2019den Destek Alan Ter\u00f6ristler A\u011f\u0131r Kay\u0131plar\u0131n\u0131 \u0130tiraf Etti<\/span><\/p>\n<p>Askeri kaynak ordu birliklerimizin Dera Beled B\u00f6lgesinde \u2018Horan \u015eehitleri T\u00fcmeni\u2019 adl\u0131 ter\u00f6r \u00e7etelerinin siper ald\u0131klar\u0131 Men\u015fiye Semtinde bir dizi nitelikli operasyonda bulunduklar\u0131n\u0131 aktard\u0131. Kayank operasyonda aralar\u0131nda kimlikleri belirlenen tehlikeli ter\u00f6ristlerin bulundu\u011fu olduk\u00e7a y\u00fcksek say\u0131da ter\u00f6ristin \u00f6ld\u00fcr\u00fcld\u00fc\u011f\u00fcn\u00fc, a\u011f\u0131r makineli silahlarla donat\u0131lm\u0131\u015f bir\u00e7ok ara\u00e7lar\u0131n\u0131n ta\u015f\u0131d\u0131klar\u0131 ter\u00f6rist ve cephaneyle birlikte imha edildiklerini s\u00f6yledi.<\/p>\n<p>Bu arada Men\u015fiye Semti; \u00dcrd\u00fcn topraklar\u0131 \u00fczerinden \u00dcrd\u00fcn krall\u0131k rejiminin deste\u011fi ile yabanc\u0131 ter\u00f6ristlerin s\u0131zd\u0131\u011f\u0131 eski g\u00fcmr\u00fck b\u00f6lgesine yak\u0131n d\u00fc\u015fmektedir.<\/p>\n<p>Dera\u2019da d\u00fc\u015fman \u0130srail destekli ter\u00f6r \u00e7etelerinin vah\u015fet dolu eylemlerine maruz kalan Sed Yolu B\u00f6lgesinde ise askeri bir kaynak; aralar\u0131nda yabanc\u0131lar\u0131n bulundu\u011fu \u00e7ok say\u0131da ter\u00f6ristin etkisizle\u015ftirildi\u011fini aktard\u0131. Kaynak Dera\u2019n\u0131n bat\u0131 k\u0131rsal\u0131n\u0131n g\u00fcney do\u011fu k\u0131rsal\u0131na ge\u00e7it noktas\u0131 olarak kullan\u0131lan s\u00f6z konusu stratejik b\u00f6lgede Nusra Cephesi \u00e7etelerinin vatanda\u015flara sald\u0131r\u0131p m\u00fclklerini de gasp etti\u011fini ve ya\u011fmalad\u0131klar\u0131na dikkat \u00e7ekti.<\/p>\n<p>Dera Kentinin 12 km kuzeybat\u0131s\u0131na d\u00fc\u015fen Mzeyrib B\u00f6lgesinde ise ordu birliklerimiz yine d\u00fc\u015fman \u0130srail taraf\u0131ndan muhtelif \u015fekillerde desteklenen Nusra Cephesine ait iki \u00f6nemli karargah\u0131n yan\u0131 s\u0131ra a\u011f\u0131r makineli silahlarla donat\u0131lm\u0131\u015f 3 ara\u00e7lar\u0131n\u0131 tamamen imha etti. Operasyonda bir m\u00fchimmat deposunun da imha edildi\u011fini belirten askeri kaynak, bir\u00e7o\u011fu yabanc\u0131 olan onlarca ter\u00f6ristin \u00f6ld\u00fcr\u00fcld\u00fc\u011f\u00fcn\u00fc s\u00f6zlerine ekledi.<\/p>\n<p>Bu arada ter\u00f6r \u00e7eteleri medya ara\u00e7lar\u0131nda Dera k\u0131rsal\u0131n\u0131n genelinde say\u0131 ve te\u00e7hizatlar\u0131yla b\u00fcy\u00fck kay\u0131plar verdiklerini itiraf etti. Ter\u00f6r \u00e7eteleri ayr\u0131ca \u00dcrd\u00fcn hastanelerinde tedavi g\u00f6ren bir\u00e7ok ter\u00f6ristin de ald\u0131klar\u0131 yaralar sonucunda \u00f6ld\u00fcklerini ifade etti.<\/p>\n<p><span style=\"color: #0000ff\">Homs Do\u011fu K\u0131rsal\u0131nda I\u015e\u0130D Ter\u00f6ristleri \u00d6ld\u00fcr\u00fcld\u00fc<\/span><\/p>\n<p>Ordu ve silahl\u0131 kuvvetlerimize tabi ordu birliklerimiz Resten El Kin Da\u011f\u0131nda tekfiri ter\u00f6r \u00f6rg\u00fctleri saflar\u0131nda \u00e7ok say\u0131da ter\u00f6risti \u00f6l\u00fc ve yaral\u0131 d\u00fc\u015f\u00fcrd\u00fcklerini, Homs do\u011fu k\u0131rsal\u0131nda da I\u015e\u0130D ter\u00f6r \u00f6rg\u00fct\u00fcne ait ter\u00f6ristlerin h\u00fccrelerine bask\u0131n d\u00fczenledi.<\/p>\n<p>Askeri kaynak, ordu birliklerimizin Homs do\u011fu k\u0131rsal\u0131 Cezl petrol kuyusu ve el \u015eaer gaz kuyusu \u00e7evresinde I\u015e\u0130D ter\u00f6r \u00f6rg\u00fct\u00fcne tabi \u00e7ok say\u0131da ter\u00f6risti \u00f6l\u00fc ve yaral\u0131 d\u00fc\u015f\u00fcrd\u00fcklerini s\u00f6yledi.<\/p>\n<p>Kaynak, ordu birliklerimizin Rahum K\u00f6y\u00fcnde I\u015e\u0130D ter\u00f6r \u00f6rg\u00fct\u00fc art\u0131klar\u0131n\u0131 kovalama operasyonlar\u0131n\u0131 s\u00fcrd\u00fcrerek \u00e7ok say\u0131da ter\u00f6risti \u00f6l\u00fc ve yaral\u0131 d\u00fc\u015f\u00fcrd\u00fcklerini ifade etti.<\/p>\n<p>Kaynak, ordu ve silahl\u0131 kuvvetlerimize tabi ordu birliklerimizin Homs do\u011fu k\u0131rsal\u0131n\u0131n Resten El Kin Da\u011f\u0131nda tekfiri ter\u00f6r \u00f6rg\u00fctlerine y\u00f6nelik yo\u011funla\u015fan ba\u015far\u0131l\u0131 operasyonlar\u0131 sonucunda \u00e7ok say\u0131da ter\u00f6risti \u00f6l\u00fc ve yaral\u0131 d\u00fc\u015f\u00fcrd\u00fcklerini belirtti.<\/p>\n<p>A.A. &#8211; S.\u015e. &#8211; R.H.<\/p>\n","protected":false},"excerpt":{"rendered":"<p>\u0130LLER \u2013 Kahraman ordu birliklerimizin silahl\u0131 ter\u00f6r \u00f6rg\u00fctlerine y\u00f6nelik d\u00fczenledi\u011fi ba\u015far\u0131l\u0131 operasyonlar\u0131n\u0131 s\u00fcrd\u00fcr\u00fcrken \u00e7ok say\u0131da ter\u00f6rist, silah, cephane ve ara\u00e7lar\u0131yla birlikte etkisi hale getirildi. Dera\u2019da \u0130srail\u2019den Destek Alan Ter\u00f6ristler A\u011f\u0131r Kay\u0131plar\u0131n\u0131 \u0130tiraf Etti Askeri kaynak ordu birliklerimizin Dera Beled B\u00f6lgesinde \u2018Horan \u015eehitleri T\u00fcmeni\u2019 adl\u0131 ter\u00f6r \u00e7etelerinin siper ald\u0131klar\u0131 Men\u015fiye Semtinde bir dizi nitelikli operasyonda bulunduklar\u0131n\u0131 &hellip;<\/p>\n","protected":false},"author":1,"featured_media":21242,"comment_status":"closed","ping_status":"closed","sticky":false,"template":"","format":"standard","meta":{"footnotes":""},"categories":[575],"tags":[10306,10308,10305,10307,10309,10310,10311,3326],"class_list":["post-21241","post","type-post","status-publish","format-standard","has-post-thumbnail","","category-olaylar-ve-gercekler","tag-cephane-ve-araclariyla-birlikte-etkisi-hale-getirildi-dera-beledte-teroristlerle-birlikte-agir-taramali-araclari-etkisiz-hale-getirildi-askeri-kaynak","tag-homs-dogu-kirsalinda-da-isid-teror-orgutune-ait-teroristlerin-hucrelerine-baskin-duzenledi-askeri-kaynak","tag-isid-teror-orgutu-artiklarini-kovalama-operasyonlarinda-buyuk-basarilar-iller-kahraman-ordu-birliklerimizin-silahli-teror-orgutlerine-yonelik-duzenledigi-basarili-operasyonlarini-surdururken","tag-ordu-birliklerimizin-dera-beled-mensiyye-semtinde-cok-satida-teroristi-oldurerek-agir-taramali-silahlarla-donanimli-bir-kac-araci-da-imha-ettiklerini-soyledi-homs-dogu-kirsalinda-isid-teroristleri-ol","tag-ordu-birliklerimizin-homs-dogu-kirsali-cezl-petrol-kuyusu-ve-el-saer-gaz-kuyusu-cevresinde-isid-teror-orgutune-tabi-cok-sayida-teroristi-olu-ve-yarali-dusurduklerini-soyledi-kaynak","tag-ordu-birliklerimizin-rahum-koyunde-isid-teror-orgutu-artiklarini-kovalama-operasyonlarini-surdurerek-cok-sayida-teroristi-olu-ve-yarali-dusurduklerini-ifade-etti-kaynak","tag-ordu-ve-silahli-kuvvetlerimize-tabi-ordu-birliklerimizin-homs-dogu-kirsalinin-resten-el-kin-daginda-tekfiri-teror-orgutlerine-yonelik-yogunlasan-basarili-operasyonlari-sonucunda-cok-sayida-teroristi-o","tag-silah"],"_links":{"self":[{"href":"https:\/\/archive.sana.sy\/tr\/index.php?rest_route=\/wp\/v2\/posts\/21241","targetHints":{"allow":["GET"]}}],"collection":[{"href":"https:\/\/archive.sana.sy\/tr\/index.php?rest_route=\/wp\/v2\/posts"}],"about":[{"href":"https:\/\/archive.sana.sy\/tr\/index.php?rest_route=\/wp\/v2\/types\/post"}],"author":[{"embeddable":true,"href":"https:\/\/archive.sana.sy\/tr\/index.php?rest_route=\/wp\/v2\/users\/1"}],"replies":[{"embeddable":true,"href":"https:\/\/archive.sana.sy\/tr\/index.php?rest_route=%2Fwp%2Fv2%2Fcomments&post=21241"}],"version-history":[{"count":0,"href":"https:\/\/archive.sana.sy\/tr\/index.php?rest_route=\/wp\/v2\/posts\/21241\/revisions"}],"wp:featuredmedia":[{"embeddable":true,"href":"https:\/\/archive.sana.sy\/tr\/index.php?rest_route=\/wp\/v2\/media\/21242"}],"wp:attachment":[{"href":"https:\/\/archive.sana.sy\/tr\/index.php?rest_route=%2Fwp%2Fv2%2Fmedia&parent=21241"}],"wp:term":[{"taxonomy":"category","embeddable":true,"href":"https:\/\/archive.sana.sy\/tr\/index.php?rest_route=%2Fwp%2Fv2%2Fcategories&post=21241"},{"taxonomy":"post_tag","embeddable":true,"href":"https:\/\/archive.sana.sy\/tr\/index.php?rest_route=%2Fwp%2Fv2%2Ftags&post=21241"}],"curies":[{"name":"wp","href":"https:\/\/api.w.org\/{rel}","templated":true}]}}